{"id":42325,"date":"2025-03-24T12:25:36","date_gmt":"2025-03-24T11:25:36","guid":{"rendered":"https:\/\/centralmedia.rs\/?p=42325"},"modified":"2025-03-24T12:25:36","modified_gmt":"2025-03-24T11:25:36","slug":"bunt-prava-srbija-spreman-za-parlamentarne-izbore","status":"publish","type":"post","link":"https:\/\/centralmedia.rs\/index.php\/2025\/03\/24\/bunt-prava-srbija-spreman-za-parlamentarne-izbore\/","title":{"rendered":"BUNT-PRAVA SRBIJA SPREMAN ZA PARLAMENTARNE IZBORE"},"content":{"rendered":"\n<p>Stranka Bunt &#8211; Prava &nbsp;Srbija odr\u017eala je sednicu Izvr\u0161nog odbora u Jagodini, predsedavao je predsednik Du\u0161an Markovi\u0107.&nbsp; Sednici su prisustvovali i predsednici gradskih&nbsp; i op\u0161tinskih odbora koji predstavljaju, za sada, 12 okruga. Jedna od tema organizacionih pitanja bila je i \u0161irenje infrastrukture i priprema za predstoje\u0107e parlamentarne izbore na kojima \u0107emo kako stvari stoje za sada iza\u0107i samostalno.<\/p>\n\n\n\n<p>-Na\u0161a stranka je danas &nbsp;najja\u010da vanparlamentarna stranka u Srbiji sa svojom infrastrukturom od 38 op\u0161tinskih i gradskih odbora i 12 okru\u017enih odbora i odbornicima \u0161irom zemlje. Narod nas je prepoznao kao jedine iskonske i \u010destite borce za interese obi\u010dnog \u010doveka u koje se i svi mi ubrajamo za razliku od onih koji preko krvi i gra\u0111anskog rata, a prisvajaju\u0107i proteste studenata ho\u0107e da se do\u010depaju vlasti umesto da zaglave tamo gde im je mesto iza re\u0161etaka sa bukagijama na nogama u najboljem slu\u010daju. Jedan od pokazatelja je i taj, da nam narod prilazi iz dana u dan a novi odbori ni\u010du iz nedelje u nedelju. Uskoro nas o\u010dekuje formiranje na\u0161ih odbora u Trsteniku, Kraljevu, Svilajncu, Pirotu i Vranjskoj Banji. Narednih nedelja zatvaramo svoju infrastrukturu i kre\u0107emo u pripremu za nastup na predstoje\u0107im izborima, zaklju\u010dio je Du\u0161an Markovi\u0107.<\/p>\n","protected":false},"excerpt":{"rendered":"<p>Stranka Bunt &#8211; Prava &nbsp;Srbija odr\u017eala je sednicu Izvr\u0161nog odbora u Jagodini, predsedavao je predsednik Du\u0161an Markovi\u0107.&nbsp; Sednici su prisustvovali i predsednici gradskih&nbsp; i op\u0161tinskih &hellip; <\/p>\n","protected":false},"author":2,"featured_media":42326,"comment_status":"closed","ping_status":"open","sticky":false,"template":"","format":"standard","meta":{"footnotes":""},"categories":[1524,2,1514,13,12],"tags":[2308,643,58],"_links":{"self":[{"href":"https:\/\/centralmedia.rs\/index.php\/wp-json\/wp\/v2\/posts\/42325"}],"collection":[{"href":"https:\/\/centralmedia.rs\/index.php\/wp-json\/wp\/v2\/posts"}],"about":[{"href":"https:\/\/centralmedia.rs\/index.php\/wp-json\/wp\/v2\/types\/post"}],"author":[{"embeddable":true,"href":"https:\/\/centralmedia.rs\/index.php\/wp-json\/wp\/v2\/users\/2"}],"replies":[{"embeddable":true,"href":"https:\/\/centralmedia.rs\/index.php\/wp-json\/wp\/v2\/comments?post=42325"}],"version-history":[{"count":1,"href":"https:\/\/centralmedia.rs\/index.php\/wp-json\/wp\/v2\/posts\/42325\/revisions"}],"predecessor-version":[{"id":42327,"href":"https:\/\/centralmedia.rs\/index.php\/wp-json\/wp\/v2\/posts\/42325\/revisions\/42327"}],"wp:featuredmedia":[{"embeddable":true,"href":"https:\/\/centralmedia.rs\/index.php\/wp-json\/wp\/v2\/media\/42326"}],"wp:attachment":[{"href":"https:\/\/centralmedia.rs\/index.php\/wp-json\/wp\/v2\/media?parent=42325"}],"wp:term":[{"taxonomy":"category","embeddable":true,"href":"https:\/\/centralmedia.rs\/index.php\/wp-json\/wp\/v2\/categories?post=42325"},{"taxonomy":"post_tag","embeddable":true,"href":"https:\/\/centralmedia.rs\/index.php\/wp-json\/wp\/v2\/tags?post=42325"}],"curies":[{"name":"wp","href":"https:\/\/api.w.org\/{rel}","templated":true}]}}