{"id":42335,"date":"2025-03-26T17:30:54","date_gmt":"2025-03-26T16:30:54","guid":{"rendered":"https:\/\/centralmedia.rs\/?p=42335"},"modified":"2025-03-26T17:30:54","modified_gmt":"2025-03-26T16:30:54","slug":"centar-za-brigu-o-porodici-svilajnac-obelezio-je-sedam-godina-postojanja","status":"publish","type":"post","link":"https:\/\/centralmedia.rs\/index.php\/2025\/03\/26\/centar-za-brigu-o-porodici-svilajnac-obelezio-je-sedam-godina-postojanja\/","title":{"rendered":"CENTAR ZA BRIGU O PORODICI SVILAJNAC OBELE\u017dIO JE SEDAM GODINA POSTOJANJA"},"content":{"rendered":"\n<p>Posve\u0107en rad na o\u010duvanju porodi\u010dnih vrednosti i podr\u0161ci svim kategorijama stanovni\u0161tva. Tim povodom, u saradnji sa Centrom za kulturu Svilajnac, organizovana je interaktivna radionica \u201ePozori\u0161te u mojoj sobi\u201c, koju je za u\u010denike i njihove u\u010ditelje vodio direktor Centra za kulturu, Stefan Lazarevi\u0107.<\/p>\n\n\n\n<figure class=\"wp-block-image size-large\"><img loading=\"lazy\" decoding=\"async\" width=\"1024\" height=\"576\" src=\"https:\/\/centralmedia.rs\/wp-content\/uploads\/2025\/03\/centar1-1024x576.jpg\" alt=\"\" class=\"wp-image-42337\" srcset=\"https:\/\/centralmedia.rs\/wp-content\/uploads\/2025\/03\/centar1-1024x576.jpg 1024w, https:\/\/centralmedia.rs\/wp-content\/uploads\/2025\/03\/centar1-300x169.jpg 300w, https:\/\/centralmedia.rs\/wp-content\/uploads\/2025\/03\/centar1-768x432.jpg 768w, https:\/\/centralmedia.rs\/wp-content\/uploads\/2025\/03\/centar1-820x460.jpg 820w, https:\/\/centralmedia.rs\/wp-content\/uploads\/2025\/03\/centar1-1260x710.jpg 1260w, https:\/\/centralmedia.rs\/wp-content\/uploads\/2025\/03\/centar1.jpg 1439w\" sizes=\"(max-width: 1024px) 100vw, 1024px\" \/><\/figure>\n\n\n\n<p>Deca su u\u010destvovala u kreativnom procesu, istra\u017euju\u0107i svet pozori\u0161ta kroz igru i improvizaciju. Radionica se zavr\u0161ila pravim malim pozori\u0161nim performansom, u kojem su u\u010desnici pokazali svoj talenat, ma\u0161tovitost, timski duh i dobro se zabavili.<\/p>\n\n\n\n<p>Direktorka Centra za brigu o porodici, Irena Milo\u0161evi\u0107, istakla je zna\u010daj ovakvih aktivnosti za razvoj dece i inkluziju svih mali\u0161ana u kulturne sadr\u017eaje: \u201eNa\u0161 cilj je da svako dete ima jednake mogu\u0107nosti da se izrazi, u\u010di i razvija kroz umetnost i zajedni\u010dke aktivnosti. Kultura i obrazovanje su stubovi zdravog dru\u0161tva, a ovakve inicijative poma\u017eu da deca od malih nogu budu uklju\u010dena u razli\u010dite dru\u0161tvene procese.\u201c<\/p>\n","protected":false},"excerpt":{"rendered":"<p>Posve\u0107en rad na o\u010duvanju porodi\u010dnih vrednosti i podr\u0161ci svim kategorijama stanovni\u0161tva. Tim povodom, u saradnji sa Centrom za kulturu Svilajnac, organizovana je interaktivna radionica \u201ePozori\u0161te &hellip; <\/p>\n","protected":false},"author":2,"featured_media":42336,"comment_status":"closed","ping_status":"open","sticky":false,"template":"","format":"standard","meta":{"footnotes":""},"categories":[14,1524,2,12,1517],"tags":[207,38],"_links":{"self":[{"href":"https:\/\/centralmedia.rs\/index.php\/wp-json\/wp\/v2\/posts\/42335"}],"collection":[{"href":"https:\/\/centralmedia.rs\/index.php\/wp-json\/wp\/v2\/posts"}],"about":[{"href":"https:\/\/centralmedia.rs\/index.php\/wp-json\/wp\/v2\/types\/post"}],"author":[{"embeddable":true,"href":"https:\/\/centralmedia.rs\/index.php\/wp-json\/wp\/v2\/users\/2"}],"replies":[{"embeddable":true,"href":"https:\/\/centralmedia.rs\/index.php\/wp-json\/wp\/v2\/comments?post=42335"}],"version-history":[{"count":1,"href":"https:\/\/centralmedia.rs\/index.php\/wp-json\/wp\/v2\/posts\/42335\/revisions"}],"predecessor-version":[{"id":42338,"href":"https:\/\/centralmedia.rs\/index.php\/wp-json\/wp\/v2\/posts\/42335\/revisions\/42338"}],"wp:featuredmedia":[{"embeddable":true,"href":"https:\/\/centralmedia.rs\/index.php\/wp-json\/wp\/v2\/media\/42336"}],"wp:attachment":[{"href":"https:\/\/centralmedia.rs\/index.php\/wp-json\/wp\/v2\/media?parent=42335"}],"wp:term":[{"taxonomy":"category","embeddable":true,"href":"https:\/\/centralmedia.rs\/index.php\/wp-json\/wp\/v2\/categories?post=42335"},{"taxonomy":"post_tag","embeddable":true,"href":"https:\/\/centralmedia.rs\/index.php\/wp-json\/wp\/v2\/tags?post=42335"}],"curies":[{"name":"wp","href":"https:\/\/api.w.org\/{rel}","templated":true}]}}