{"id":42339,"date":"2025-03-26T17:32:29","date_gmt":"2025-03-26T16:32:29","guid":{"rendered":"https:\/\/centralmedia.rs\/?p=42339"},"modified":"2025-03-26T17:32:30","modified_gmt":"2025-03-26T16:32:30","slug":"potpisan-ugovor-o-finansiranju-izgradnje-reciklaznog-dvorista-na-zlatiboru-projekat-od-nacionalnog-znacaja","status":"publish","type":"post","link":"https:\/\/centralmedia.rs\/index.php\/2025\/03\/26\/potpisan-ugovor-o-finansiranju-izgradnje-reciklaznog-dvorista-na-zlatiboru-projekat-od-nacionalnog-znacaja\/","title":{"rendered":"POTPISAN UGOVOR O FINANSIRANjU IZGRADNjE RECIKLA\u017dNOG DVORI\u0160TA NA ZLATIBORU \u2013 PROJEKAT OD NACIONALNOG ZNA\u010cAJA"},"content":{"rendered":"\n<p>Ju\u010de je u Ministarstvu privrede Republike Srbije potpisan <a><\/a>Ugovor o finansiranju izgradnje recikla\u017enog dvori\u0161ta sa prate\u0107im sadr\u017eajima na Zlatiboru, \u010dime je ovaj zna\u010dajan projekat dobio zvani\u010dnu podr\u0161ku dr\u017eave. Ugovor su potpisali predsednik op\u0161tine \u010cajetina, Milan Stamatovi\u0107 i ministarka privrede u Vladi Republike Srbije, Adrijana Mesarovi\u0107, \u010dime je ozvani\u010den po\u010detak realizacije jednog od klju\u010dnih ekolo\u0161kih projekata u Srbiji.<\/p>\n\n\n\n<p>Vlada Republike Srbije prepoznala je zna\u010daj ovog projekta i proglasila ga projektom od nacionalnog zna\u010daja, \u0161to dodatno potvr\u0111uje strate\u0161ku posve\u0107enost Srbije odr\u017eivom razvoju, efikasnom upravljanju otpadom i za\u0161titi \u017eivotne sredine.<\/p>\n\n\n\n<p>Recikla\u017eno dvori\u0161te na Zlatiboru predstavlja investiciju vrednu vi\u0161e od tri miliona evra i omogu\u0107i\u0107e gra\u0111anima da odla\u017eu trinaest razli\u010ditih tokova otpada u specijalizovanim kontejnerima. Pored toga, planirana je nabavka selekcione trake za sekundarnu selekciju suvog otpada, koji \u0107e nakon pakovanja i baliranja biti upu\u0107ivan na recikla\u017eu kod ovla\u0161\u0107enih operatera.<\/p>\n\n\n\n<p>Slede\u0107i korak unapre\u0111enja ekolo\u0161ke infrastrukture bi\u0107e izgradnja centralne kompostane za tretman biorazgradivog otpada, koji \u010dini zna\u010dajan procenat ukupnog komunalnog otpada. Tako\u0111e, op\u0161tina je nedavno krenula sa podelom mini kompostera gra\u0111anima, koji \u0107e imati mogu\u0107nost da kompostiraju u svojim doma\u0107instvima i na taj na\u010din ostvare umanjenje tro\u0161kova za komunalne usluge.<\/p>\n\n\n\n<p>Izgradnja recikla\u017enog dvori\u0161ta u op\u0161tini \u010cajetina ima\u0107e vi\u0161estruke ekonomske, ekolo\u0161ke i dru\u0161tvene koristi. Osim smanjenja tro\u0161kova upravljanja otpadom i za\u0161tite \u017eivotne sredine, ovaj projekat otvori\u0107e nova radna mesta u sektoru recikla\u017ee i logistike otpada, podsta\u0107i razvoj cirkularne ekonomije i privu\u0107i nove investicije u zelene tehnologije.<\/p>\n\n\n\n<p>Op\u0161tina \u010cajetina ostaje posve\u0107ena unapre\u0111enju ekolo\u0161kih standarda, a podr\u0161ka Vlade Srbije predstavlja sna\u017ean podstrek u ostvarenju cilja \u2013 Zlatibora kao ekolo\u0161ki odgovorne i odr\u017eive turisti\u010dke destinacije.<\/p>\n\n\n\n<p><a href=\"https:\/\/www.facebook.com\/photo\/?fbid=668156685734633&amp;set=pcb.668156695734632&amp;__cft__[0]=AZUeGWUmBv7MWmUAIJtcd07uOgil0YPgkKXnz-x3zRTKEzUzMkvP8Zx3IWYgQsy9URF73nZGwxSEYSWYvqEjqtV2MwEDJ3CnRQ-uLAQBKlUZPeTf2L3moOXCQ6w7U6Oe4XP6FDU5Y5RhFo0z2B9sXZ66XMhPN0ABCinjyHTp_SHjBiLov2WvRZ-rXQKjhZT6ogI&amp;__tn__=*b0H-R\"><\/a><\/p>\n\n\n\n<figure class=\"wp-block-image\"><a href=\"https:\/\/www.facebook.com\/photo\/?fbid=668156685734633&amp;set=pcb.668156695734632&amp;__cft__[0]=AZUeGWUmBv7MWmUAIJtcd07uOgil0YPgkKXnz-x3zRTKEzUzMkvP8Zx3IWYgQsy9URF73nZGwxSEYSWYvqEjqtV2MwEDJ3CnRQ-uLAQBKlUZPeTf2L3moOXCQ6w7U6Oe4XP6FDU5Y5RhFo0z2B9sXZ66XMhPN0ABCinjyHTp_SHjBiLov2WvRZ-rXQKjhZT6ogI&amp;__tn__=*b0H-R\"><img decoding=\"async\" src=\"https:\/\/scontent.fbeg4-1.fna.fbcdn.net\/v\/t51.75761-15\/486251761_18451049212073329_6740049061546915168_n.jpg?stp=dst-jpg_p526x395_tt6&amp;_nc_cat=110&amp;ccb=1-7&amp;_nc_sid=127cfc&amp;_nc_ohc=uBolPxs0OtAQ7kNvgEONFz7&amp;_nc_oc=Adm-zS6jmTlPlXVzH0W1X7K7cQmEdIZ5GQqK3YRAMZladsI0pFAsqBUxlHv94h3Nkr0&amp;_nc_zt=23&amp;_nc_ht=scontent.fbeg4-1.fna&amp;_nc_gid=ZyoJAePNzDSbNCgV57hblQ&amp;oh=00_AYFRP0UQLv0xrPs_fH7QkzXrZ_Ue4RKzj9SfFZQVOFZHlw&amp;oe=67E9FEFD\" alt=\"\"\/><\/a><\/figure>\n\n\n\n<p><a href=\"https:\/\/www.facebook.com\/photo\/?fbid=668156659067969&amp;set=pcb.668156695734632&amp;__cft__[0]=AZUeGWUmBv7MWmUAIJtcd07uOgil0YPgkKXnz-x3zRTKEzUzMkvP8Zx3IWYgQsy9URF73nZGwxSEYSWYvqEjqtV2MwEDJ3CnRQ-uLAQBKlUZPeTf2L3moOXCQ6w7U6Oe4XP6FDU5Y5RhFo0z2B9sXZ66XMhPN0ABCinjyHTp_SHjBiLov2WvRZ-rXQKjhZT6ogI&amp;__tn__=*b1H-R\"><\/a><\/p>\n\n\n\n<figure class=\"wp-block-image\"><a href=\"https:\/\/www.facebook.com\/photo\/?fbid=668156659067969&amp;set=pcb.668156695734632&amp;__cft__[0]=AZUeGWUmBv7MWmUAIJtcd07uOgil0YPgkKXnz-x3zRTKEzUzMkvP8Zx3IWYgQsy9URF73nZGwxSEYSWYvqEjqtV2MwEDJ3CnRQ-uLAQBKlUZPeTf2L3moOXCQ6w7U6Oe4XP6FDU5Y5RhFo0z2B9sXZ66XMhPN0ABCinjyHTp_SHjBiLov2WvRZ-rXQKjhZT6ogI&amp;__tn__=*b1H-R\"><img decoding=\"async\" src=\"https:\/\/scontent.fbeg4-1.fna.fbcdn.net\/v\/t51.75761-15\/486406223_18451049215073329_6150691677098924881_n.jpg?stp=dst-jpg_p526x395_tt6&amp;_nc_cat=107&amp;ccb=1-7&amp;_nc_sid=127cfc&amp;_nc_ohc=PBLHxWsPg8AQ7kNvgHJo5uI&amp;_nc_oc=Admu7ZxtkTIOyImoeibU0dqZ3vVGRxR63MLbyWwCvYxz8VgpC_S9ZpWBcK-Ipnhds9M&amp;_nc_zt=23&amp;_nc_ht=scontent.fbeg4-1.fna&amp;_nc_gid=ZyoJAePNzDSbNCgV57hblQ&amp;oh=00_AYFUEYVVNhzKQ5orF6z2DHrPVXwTKlwmJPUmEKr0JhxCAg&amp;oe=67E9EC81\" alt=\"\"\/><\/a><\/figure>\n\n\n\n<p><a href=\"https:\/\/www.facebook.com\/photo\/?fbid=668156672401301&amp;set=pcb.668156695734632&amp;__cft__[0]=AZUeGWUmBv7MWmUAIJtcd07uOgil0YPgkKXnz-x3zRTKEzUzMkvP8Zx3IWYgQsy9URF73nZGwxSEYSWYvqEjqtV2MwEDJ3CnRQ-uLAQBKlUZPeTf2L3moOXCQ6w7U6Oe4XP6FDU5Y5RhFo0z2B9sXZ66XMhPN0ABCinjyHTp_SHjBiLov2WvRZ-rXQKjhZT6ogI&amp;__tn__=*b2H-R\"><\/a><\/p>\n\n\n\n<figure class=\"wp-block-image\"><a href=\"https:\/\/www.facebook.com\/photo\/?fbid=668156672401301&amp;set=pcb.668156695734632&amp;__cft__[0]=AZUeGWUmBv7MWmUAIJtcd07uOgil0YPgkKXnz-x3zRTKEzUzMkvP8Zx3IWYgQsy9URF73nZGwxSEYSWYvqEjqtV2MwEDJ3CnRQ-uLAQBKlUZPeTf2L3moOXCQ6w7U6Oe4XP6FDU5Y5RhFo0z2B9sXZ66XMhPN0ABCinjyHTp_SHjBiLov2WvRZ-rXQKjhZT6ogI&amp;__tn__=*b2H-R\"><img decoding=\"async\" src=\"https:\/\/scontent.fbeg4-1.fna.fbcdn.net\/v\/t51.75761-15\/486247880_18451049224073329_8842453385979014795_n.jpg?stp=dst-jpg_p526x395_tt6&amp;_nc_cat=101&amp;ccb=1-7&amp;_nc_sid=127cfc&amp;_nc_ohc=ym09KVigKRgQ7kNvgHJawS_&amp;_nc_oc=AdlOF3fM_jcs5kgBjWtj5l2qXaQ-cHMb9ERLgMZOX1pAyUmAtlL1WLq0f4Prx8gDys8&amp;_nc_zt=23&amp;_nc_ht=scontent.fbeg4-1.fna&amp;_nc_gid=ZyoJAePNzDSbNCgV57hblQ&amp;oh=00_AYEG4DSSW5y1iLM7gOQ2iki3eIk254_avnkFFATFs18XRg&amp;oe=67EA0E5C\" alt=\"\"\/><\/a><\/figure>\n\n\n\n<p>\u041f\u0440\u0438\u043a\u0430\u0436\u0438 \u0441\u0442\u0430\u0442\u0438\u0441\u0442\u0438\u043a\u0443 \u0438 \u0440\u0435\u043a\u043b\u0430\u043c\u0435<\/p>\n\n\n\n<p><a href=\"https:\/\/www.facebook.com\/ad_center\/create\/boostpost\/?ad_account_id=10202116116196954&amp;entry_point=www_profile_plus_timeline&amp;page_id=101711192346209&amp;target_id=668156695734632&amp;__cft__[0]=AZUeGWUmBv7MWmUAIJtcd07uOgil0YPgkKXnz-x3zRTKEzUzMkvP8Zx3IWYgQsy9URF73nZGwxSEYSWYvqEjqtV2MwEDJ3CnRQ-uLAQBKlUZPeTf2L3moOXCQ6w7U6Oe4XP6FDU5Y5RhFo0z2B9sXZ66XMhPN0ABCinjyHTp_SHjBiLov2WvRZ-rXQKjhZT6ogI&amp;__tn__=*W-R\"><\/a><\/p>\n\n\n\n<p><a href=\"https:\/\/www.facebook.com\/ad_center\/create\/boostpost\/?ad_account_id=10202116116196954&amp;entry_point=www_profile_plus_timeline&amp;page_id=101711192346209&amp;target_id=668156695734632&amp;__cft__[0]=AZUeGWUmBv7MWmUAIJtcd07uOgil0YPgkKXnz-x3zRTKEzUzMkvP8Zx3IWYgQsy9URF73nZGwxSEYSWYvqEjqtV2MwEDJ3CnRQ-uLAQBKlUZPeTf2L3moOXCQ6w7U6Oe4XP6FDU5Y5RhFo0z2B9sXZ66XMhPN0ABCinjyHTp_SHjBiLov2WvRZ-rXQKjhZT6ogI&amp;__tn__=*W-R\">\u041f\u043e\u0432\u0435\u045b\u0430\u0458 \u0432\u0438\u0434\u0459\u0438\u0432\u043e\u0441\u0442 \u043e\u0431\u0458\u0430\u0432\u0435<\/a><\/p>\n\n\n\n<figure class=\"wp-block-image\"><img decoding=\"async\" src=\"\" alt=\"\"\/><\/figure>\n\n\n\n<p>\u0421\u0432\u0435 \u0440\u0435\u0430\u043a\u0446\u0438\u0458\u0435:<\/p>\n\n\n\n<p>11<\/p>\n","protected":false},"excerpt":{"rendered":"<p>Ju\u010de je u Ministarstvu privrede Republike Srbije potpisan Ugovor o finansiranju izgradnje recikla\u017enog dvori\u0161ta sa prate\u0107im sadr\u017eajima na Zlatiboru, \u010dime je ovaj zna\u010dajan projekat dobio &hellip; <\/p>\n","protected":false},"author":2,"featured_media":42340,"comment_status":"closed","ping_status":"open","sticky":false,"template":"","format":"standard","meta":{"footnotes":""},"categories":[22,2875,1524,2,12],"tags":[6530,6974],"_links":{"self":[{"href":"https:\/\/centralmedia.rs\/index.php\/wp-json\/wp\/v2\/posts\/42339"}],"collection":[{"href":"https:\/\/centralmedia.rs\/index.php\/wp-json\/wp\/v2\/posts"}],"about":[{"href":"https:\/\/centralmedia.rs\/index.php\/wp-json\/wp\/v2\/types\/post"}],"author":[{"embeddable":true,"href":"https:\/\/centralmedia.rs\/index.php\/wp-json\/wp\/v2\/users\/2"}],"replies":[{"embeddable":true,"href":"https:\/\/centralmedia.rs\/index.php\/wp-json\/wp\/v2\/comments?post=42339"}],"version-history":[{"count":1,"href":"https:\/\/centralmedia.rs\/index.php\/wp-json\/wp\/v2\/posts\/42339\/revisions"}],"predecessor-version":[{"id":42341,"href":"https:\/\/centralmedia.rs\/index.php\/wp-json\/wp\/v2\/posts\/42339\/revisions\/42341"}],"wp:featuredmedia":[{"embeddable":true,"href":"https:\/\/centralmedia.rs\/index.php\/wp-json\/wp\/v2\/media\/42340"}],"wp:attachment":[{"href":"https:\/\/centralmedia.rs\/index.php\/wp-json\/wp\/v2\/media?parent=42339"}],"wp:term":[{"taxonomy":"category","embeddable":true,"href":"https:\/\/centralmedia.rs\/index.php\/wp-json\/wp\/v2\/categories?post=42339"},{"taxonomy":"post_tag","embeddable":true,"href":"https:\/\/centralmedia.rs\/index.php\/wp-json\/wp\/v2\/tags?post=42339"}],"curies":[{"name":"wp","href":"https:\/\/api.w.org\/{rel}","templated":true}]}}