{"id":4236,"date":"2016-08-13T19:00:53","date_gmt":"2016-08-13T19:00:53","guid":{"rendered":"http:\/\/centralmedia.rs\/?p=4236"},"modified":"2017-01-20T00:53:21","modified_gmt":"2017-01-20T00:53:21","slug":"mladi-cuprije-svilajnca","status":"publish","type":"post","link":"https:\/\/centralmedia.rs\/index.php\/2016\/08\/13\/mladi-cuprije-svilajnca\/","title":{"rendered":"MLADI \u0106UPRIJE I SVILAJNCA"},"content":{"rendered":"<p>\u0106UPRIJA \u2013SVILAJNAC-U \u0106upriji je formirano Udru\u017eenja mladih koji su u Moravskom parku organizovali susret mladih tog grada. Osniva\u010d udru\u017eenja Ana Marija Petrovi\u0107 istakla je da su mladi \u0106uprije zadovoljni zbog osnivanja Udru\u017eenja mladih. Ideja udur\u017eenja da se mladi podstaknu na aktivizam, voloterski rad I u\u010de\u0161\u0107e u kulturnim de\u0161avanjima.<\/p>\n<div id='gallery-1' class='gallery galleryid-4236 gallery-columns-2 gallery-size-large'><figure class='gallery-item'>\n\t\t\t<div class='gallery-icon landscape'>\n\t\t\t\t<a href='https:\/\/centralmedia.rs\/index.php\/2016\/08\/13\/mladi-cuprije-svilajnca\/mladi-svilajnac\/'><img loading=\"lazy\" decoding=\"async\" width=\"760\" height=\"507\" src=\"https:\/\/centralmedia.rs\/wp-content\/uploads\/2016\/08\/mladi-svilajnac.jpg\" class=\"attachment-large size-large\" alt=\"\" srcset=\"https:\/\/centralmedia.rs\/wp-content\/uploads\/2016\/08\/mladi-svilajnac.jpg 960w, https:\/\/centralmedia.rs\/wp-content\/uploads\/2016\/08\/mladi-svilajnac-300x200.jpg 300w, https:\/\/centralmedia.rs\/wp-content\/uploads\/2016\/08\/mladi-svilajnac-768x512.jpg 768w\" sizes=\"(max-width: 760px) 100vw, 760px\" \/><\/a>\n\t\t\t<\/div><\/figure><figure class='gallery-item'>\n\t\t\t<div class='gallery-icon landscape'>\n\t\t\t\t<a href='https:\/\/centralmedia.rs\/index.php\/2016\/08\/13\/mladi-cuprije-svilajnca\/mladi-svilajnac-1\/'><img loading=\"lazy\" decoding=\"async\" width=\"760\" height=\"507\" src=\"https:\/\/centralmedia.rs\/wp-content\/uploads\/2016\/08\/mladi-svilajnac-1.jpg\" class=\"attachment-large size-large\" alt=\"\" srcset=\"https:\/\/centralmedia.rs\/wp-content\/uploads\/2016\/08\/mladi-svilajnac-1.jpg 960w, https:\/\/centralmedia.rs\/wp-content\/uploads\/2016\/08\/mladi-svilajnac-1-300x200.jpg 300w, https:\/\/centralmedia.rs\/wp-content\/uploads\/2016\/08\/mladi-svilajnac-1-768x512.jpg 768w\" sizes=\"(max-width: 760px) 100vw, 760px\" \/><\/a>\n\t\t\t<\/div><\/figure>\n\t\t<\/div>\n\n<p>Na Trgu Stevana Sin\u0111eli\u0107a u Svilajncu obele\u017een me\u0111unarodni Dan mladih. Volonteri Kancelarije za mlade i Volonterske organizacije Svilajnac organizovali su zajedni\u010dku akciju deljenja letaka i propratnog materijala kako bi skrenuli pa\u017enju na probleme, kulturna i pravna pitanja omladine, u\u010denika, studenata.<\/p>\n<p><strong><em>Pozitivni primeri Razglednica iz <\/em><\/strong><strong><em>\u0106uprije<\/em><\/strong><strong><em> \u2013 Projekat se realizuje uz pomo\u0107 sredstava iz bud\u017eeta Op\u0161tine \u0106uprija.<\/em><\/strong><\/p>\n<p><strong><em>Svilajna\u010dka razglednica \u2013 Projekat se realizuje uz pomo\u0107 sredstava iz bud\u017eeta Op\u0161tine Svilajnac.<\/em><\/strong><\/p>\n<p>&nbsp;<\/p>\n","protected":false},"excerpt":{"rendered":"<p>\u0106UPRIJA \u2013SVILAJNAC-U \u0106upriji je formirano Udru\u017eenja mladih koji su u Moravskom parku organizovali susret mladih tog grada. Osniva\u010d udru\u017eenja Ana Marija Petrovi\u0107 istakla je da &hellip; <\/p>\n","protected":false},"author":4,"featured_media":4237,"comment_status":"open","ping_status":"open","sticky":false,"template":"","format":"standard","meta":{"footnotes":""},"categories":[1515,1524,23,887,1517,30],"tags":[44,1131,38],"_links":{"self":[{"href":"https:\/\/centralmedia.rs\/index.php\/wp-json\/wp\/v2\/posts\/4236"}],"collection":[{"href":"https:\/\/centralmedia.rs\/index.php\/wp-json\/wp\/v2\/posts"}],"about":[{"href":"https:\/\/centralmedia.rs\/index.php\/wp-json\/wp\/v2\/types\/post"}],"author":[{"embeddable":true,"href":"https:\/\/centralmedia.rs\/index.php\/wp-json\/wp\/v2\/users\/4"}],"replies":[{"embeddable":true,"href":"https:\/\/centralmedia.rs\/index.php\/wp-json\/wp\/v2\/comments?post=4236"}],"version-history":[{"count":0,"href":"https:\/\/centralmedia.rs\/index.php\/wp-json\/wp\/v2\/posts\/4236\/revisions"}],"wp:featuredmedia":[{"embeddable":true,"href":"https:\/\/centralmedia.rs\/index.php\/wp-json\/wp\/v2\/media\/4237"}],"wp:attachment":[{"href":"https:\/\/centralmedia.rs\/index.php\/wp-json\/wp\/v2\/media?parent=4236"}],"wp:term":[{"taxonomy":"category","embeddable":true,"href":"https:\/\/centralmedia.rs\/index.php\/wp-json\/wp\/v2\/categories?post=4236"},{"taxonomy":"post_tag","embeddable":true,"href":"https:\/\/centralmedia.rs\/index.php\/wp-json\/wp\/v2\/tags?post=4236"}],"curies":[{"name":"wp","href":"https:\/\/api.w.org\/{rel}","templated":true}]}}