{"id":42362,"date":"2025-03-28T17:24:15","date_gmt":"2025-03-28T16:24:15","guid":{"rendered":"https:\/\/centralmedia.rs\/?p=42362"},"modified":"2025-04-01T17:30:37","modified_gmt":"2025-04-01T15:30:37","slug":"ministarka-za-brigu-o-porodici-i-demografiju-posetila-opstinu-despotovac","status":"publish","type":"post","link":"https:\/\/centralmedia.rs\/index.php\/2025\/03\/28\/ministarka-za-brigu-o-porodici-i-demografiju-posetila-opstinu-despotovac\/","title":{"rendered":"MINISTARKA ZA BRIGU O PORODICI I DEMOGRAFIJU POSETILA OP\u0160TINU DESPOTOVAC"},"content":{"rendered":"\n<p>Ju\u010de je ministarka za brigu o porodici i demografiju, Milica \u0110ur\u0111evi\u0107 Stamenkovski, zajedno sa dr\u017eavnom sekretarkom Sanjom Laki\u0107, posetila Despotovac i manastir Manasiju, gde su ih do\u010dekali i ugostili zamenik predsednika Op\u0161tine Despotovac, Nemanja Radovanovi\u0107, \u0161ef Kabineta predsednika Op\u0161tine, Goran Milojkovi\u0107 i iguman manastira Manasije, otac Pavle.<\/p>\n\n\n\n<p>U okviru ove posete ministarka \u0110ur\u0111evi\u0107 Stamenkovski je najavila da \u0107e ovo ministarstvo ove godine, zajedno sa Op\u0161tinom Despotovac, u\u010destvovati u organizaciji predstoje\u0107eg Vite\u0161kog festivala \u201eDespot Stefan Lazarevi\u0107\u201c, koji promovi\u0161e prave vrednosti, istorijsko nasle\u0111e i kulturu srpskog naroda.<\/p>\n\n\n\n<p>Op\u0161tina Despotovac je jedna od 122 op\u0161tine koje su nedavno osnovale Savet za brigu o porodici i demografiju, koji \u0107e pratiti statisti\u010dke podatke, migracioni saldo i imati uvid u socijalne i egzistencijalne uslove i izazove sa kojima se suo\u010davaju samohrani roditelji, vi\u0161edetne porodice kao i sama\u010dka i stara\u010dka doma\u0107instva, kako bi u skladu sa tim bile uskla\u0111ene populacione i podsticajne mere.<\/p>\n","protected":false},"excerpt":{"rendered":"<p>Ju\u010de je ministarka za brigu o porodici i demografiju, Milica \u0110ur\u0111evi\u0107 Stamenkovski, zajedno sa dr\u017eavnom sekretarkom Sanjom Laki\u0107, posetila Despotovac i manastir Manasiju, gde su &hellip; <\/p>\n","protected":false},"author":2,"featured_media":42363,"comment_status":"closed","ping_status":"open","sticky":false,"template":"","format":"standard","meta":{"footnotes":""},"categories":[1518,14,1524,2,12],"tags":[51,54],"_links":{"self":[{"href":"https:\/\/centralmedia.rs\/index.php\/wp-json\/wp\/v2\/posts\/42362"}],"collection":[{"href":"https:\/\/centralmedia.rs\/index.php\/wp-json\/wp\/v2\/posts"}],"about":[{"href":"https:\/\/centralmedia.rs\/index.php\/wp-json\/wp\/v2\/types\/post"}],"author":[{"embeddable":true,"href":"https:\/\/centralmedia.rs\/index.php\/wp-json\/wp\/v2\/users\/2"}],"replies":[{"embeddable":true,"href":"https:\/\/centralmedia.rs\/index.php\/wp-json\/wp\/v2\/comments?post=42362"}],"version-history":[{"count":1,"href":"https:\/\/centralmedia.rs\/index.php\/wp-json\/wp\/v2\/posts\/42362\/revisions"}],"predecessor-version":[{"id":42364,"href":"https:\/\/centralmedia.rs\/index.php\/wp-json\/wp\/v2\/posts\/42362\/revisions\/42364"}],"wp:featuredmedia":[{"embeddable":true,"href":"https:\/\/centralmedia.rs\/index.php\/wp-json\/wp\/v2\/media\/42363"}],"wp:attachment":[{"href":"https:\/\/centralmedia.rs\/index.php\/wp-json\/wp\/v2\/media?parent=42362"}],"wp:term":[{"taxonomy":"category","embeddable":true,"href":"https:\/\/centralmedia.rs\/index.php\/wp-json\/wp\/v2\/categories?post=42362"},{"taxonomy":"post_tag","embeddable":true,"href":"https:\/\/centralmedia.rs\/index.php\/wp-json\/wp\/v2\/tags?post=42362"}],"curies":[{"name":"wp","href":"https:\/\/api.w.org\/{rel}","templated":true}]}}