{"id":42386,"date":"2025-03-31T13:09:46","date_gmt":"2025-03-31T11:09:46","guid":{"rendered":"https:\/\/centralmedia.rs\/?p=42386"},"modified":"2025-04-02T13:18:17","modified_gmt":"2025-04-02T11:18:17","slug":"sveta-arhijerejska-liturgija-u-jagodinskoj-bogorodicinoj-crkvi","status":"publish","type":"post","link":"https:\/\/centralmedia.rs\/index.php\/2025\/03\/31\/sveta-arhijerejska-liturgija-u-jagodinskoj-bogorodicinoj-crkvi\/","title":{"rendered":"SVETA ARHIJEREJSKA LITURGIJA U JAGODINSKOJ BOGORODI\u010cINOJ CRKVI"},"content":{"rendered":"\n<p>Svetu arhijerejsku Liturgiji u crkvi Pokrova Presvete Bogorodice u Jagodini slu\u017eio je ju\u010de Arhiepiskop kragujeva\u010dki i Mitropolit \u0161umadijski Jovan, slu\u017ee\u0107i sa sve\u0161tenstvom i mona\u0161tvom Arhijerejskog namesni\u0161tva beli\u010dkog. Saslu\u017eitelji liturgijskog sabranja bili su: arhimandrit Evtimije \u2013 iguman manastira Jo\u0161anice kod Jagodine, protosin\u0111el Pajsije (Ili\u0107), protojerej Aleksandar Gaji\u0107 \u2013 arhijerejski namesnik beli\u010dki, protojerej Milan Radovi\u0107 i jereji Sr\u0111an Danguzovi\u0107 i in\u017e. Had\u017ei \u017deljko Jovanovi\u0107 iz Beograda \u2013 gost iz Arhijerejskog namensi\u0161tva beljani\u010dkog. Peva\u010dki sastav \u201eBeli\u010dka klapa\u201c iz Jagodine obojio je muzi\u010dki ovo molitveno sabranje. Svetoj Litrugiji prisustvovao je Ratko Stevanovi\u0107 ispred Gradske uprave Jagodine i druga odlikovana gospoda jagodinskih crkvenih op\u0161tina.<\/p>\n\n\n\n<p>Mitropolit je i ovom prilikom nakon \u010ditanja odeljaka iz Svetog pisma Novog zaveta pou\u010dio vernike svoje Eparhije:<\/p>\n\n\n\n<p>Tamo gde je Hristos, gde je Spasitelj, tamo se spasenje, tamo tra\u017eimo spasenje. Nemojmo tra\u017eiti pa\u0161u tamo gde nema trave, nego tamo gde ima, a to je Crkva na\u0161a, to je Hristos, to je na\u0161a vera, to je na\u0161a nada, to je na\u0161a ljubav. Neka nam Gospod pomogne i doda nam vere, a i mi da se molimo. I apostoli su se molili. Pazite, oni su bili sa Hristom, gledali \u0161ta Hristos \u010dini, ali opet su govorili: \u201eGospode, dometni nam vere, dometni nam ljubavi\u201c. A \u010dovek dana\u0161njice \u010dini mi se sve misli: \u201eMeni je dovoljna vera, meni je dovoljna ljubav koju ja imam.\u201c Da nam dometne vere, da nam dometne pokajanja, bar u ovim danima Vaskr\u0161njeg posta, da kroz pokajanje se uverimo i poverujemo da je Hristos Bog na\u0161, da je Hristos vaskrsao, i da \u0107emo mi vaskrsnuti ako se pokajemo. Pokajanje je pravo vaskrsenje.<\/p>\n","protected":false},"excerpt":{"rendered":"<p>Svetu arhijerejsku Liturgiji u crkvi Pokrova Presvete Bogorodice u Jagodini slu\u017eio je ju\u010de Arhiepiskop kragujeva\u010dki i Mitropolit \u0161umadijski Jovan, slu\u017ee\u0107i sa sve\u0161tenstvom i mona\u0161tvom Arhijerejskog &hellip; <\/p>\n","protected":false},"author":2,"featured_media":42387,"comment_status":"closed","ping_status":"open","sticky":false,"template":"","format":"standard","meta":{"footnotes":""},"categories":[14,1524,2,1514,12],"tags":[894,5173],"_links":{"self":[{"href":"https:\/\/centralmedia.rs\/index.php\/wp-json\/wp\/v2\/posts\/42386"}],"collection":[{"href":"https:\/\/centralmedia.rs\/index.php\/wp-json\/wp\/v2\/posts"}],"about":[{"href":"https:\/\/centralmedia.rs\/index.php\/wp-json\/wp\/v2\/types\/post"}],"author":[{"embeddable":true,"href":"https:\/\/centralmedia.rs\/index.php\/wp-json\/wp\/v2\/users\/2"}],"replies":[{"embeddable":true,"href":"https:\/\/centralmedia.rs\/index.php\/wp-json\/wp\/v2\/comments?post=42386"}],"version-history":[{"count":1,"href":"https:\/\/centralmedia.rs\/index.php\/wp-json\/wp\/v2\/posts\/42386\/revisions"}],"predecessor-version":[{"id":42388,"href":"https:\/\/centralmedia.rs\/index.php\/wp-json\/wp\/v2\/posts\/42386\/revisions\/42388"}],"wp:featuredmedia":[{"embeddable":true,"href":"https:\/\/centralmedia.rs\/index.php\/wp-json\/wp\/v2\/media\/42387"}],"wp:attachment":[{"href":"https:\/\/centralmedia.rs\/index.php\/wp-json\/wp\/v2\/media?parent=42386"}],"wp:term":[{"taxonomy":"category","embeddable":true,"href":"https:\/\/centralmedia.rs\/index.php\/wp-json\/wp\/v2\/categories?post=42386"},{"taxonomy":"post_tag","embeddable":true,"href":"https:\/\/centralmedia.rs\/index.php\/wp-json\/wp\/v2\/tags?post=42386"}],"curies":[{"name":"wp","href":"https:\/\/api.w.org\/{rel}","templated":true}]}}