{"id":42389,"date":"2025-03-31T13:11:27","date_gmt":"2025-03-31T11:11:27","guid":{"rendered":"https:\/\/centralmedia.rs\/?p=42389"},"modified":"2025-04-02T13:18:07","modified_gmt":"2025-04-02T11:18:07","slug":"sajam-pcelarstva-2","status":"publish","type":"post","link":"https:\/\/centralmedia.rs\/index.php\/2025\/03\/31\/sajam-pcelarstva-2\/","title":{"rendered":"SAJAM P\u010cELARSTVA"},"content":{"rendered":"\n<p>U centru Svilajnca odr\u017ean je tradicionalni prole\u0107ni Sajam p\u010delarstva, p\u010delinjih proizvoda i opreme. Osim p\u010delara iz Svilajnca i regiona, na Sajmu su izla\u017eu i kolekcionari. Ovaj sajam organizovalo je Udru\u017eenje p\u010delara &#8220;Resava&#8221; uz pokroviteljstvo Op\u0161tine Svilajnac.<\/p>\n","protected":false},"excerpt":{"rendered":"<p>U centru Svilajnca odr\u017ean je tradicionalni prole\u0107ni Sajam p\u010delarstva, p\u010delinjih proizvoda i opreme. Osim p\u010delara iz Svilajnca i regiona, na Sajmu su izla\u017eu i kolekcionari. &hellip; <\/p>\n","protected":false},"author":2,"featured_media":42390,"comment_status":"closed","ping_status":"open","sticky":false,"template":"","format":"standard","meta":{"footnotes":""},"categories":[22,1524,2,1514,12],"tags":[6984,38],"_links":{"self":[{"href":"https:\/\/centralmedia.rs\/index.php\/wp-json\/wp\/v2\/posts\/42389"}],"collection":[{"href":"https:\/\/centralmedia.rs\/index.php\/wp-json\/wp\/v2\/posts"}],"about":[{"href":"https:\/\/centralmedia.rs\/index.php\/wp-json\/wp\/v2\/types\/post"}],"author":[{"embeddable":true,"href":"https:\/\/centralmedia.rs\/index.php\/wp-json\/wp\/v2\/users\/2"}],"replies":[{"embeddable":true,"href":"https:\/\/centralmedia.rs\/index.php\/wp-json\/wp\/v2\/comments?post=42389"}],"version-history":[{"count":1,"href":"https:\/\/centralmedia.rs\/index.php\/wp-json\/wp\/v2\/posts\/42389\/revisions"}],"predecessor-version":[{"id":42391,"href":"https:\/\/centralmedia.rs\/index.php\/wp-json\/wp\/v2\/posts\/42389\/revisions\/42391"}],"wp:featuredmedia":[{"embeddable":true,"href":"https:\/\/centralmedia.rs\/index.php\/wp-json\/wp\/v2\/media\/42390"}],"wp:attachment":[{"href":"https:\/\/centralmedia.rs\/index.php\/wp-json\/wp\/v2\/media?parent=42389"}],"wp:term":[{"taxonomy":"category","embeddable":true,"href":"https:\/\/centralmedia.rs\/index.php\/wp-json\/wp\/v2\/categories?post=42389"},{"taxonomy":"post_tag","embeddable":true,"href":"https:\/\/centralmedia.rs\/index.php\/wp-json\/wp\/v2\/tags?post=42389"}],"curies":[{"name":"wp","href":"https:\/\/api.w.org\/{rel}","templated":true}]}}