{"id":42398,"date":"2025-03-31T13:17:27","date_gmt":"2025-03-31T11:17:27","guid":{"rendered":"https:\/\/centralmedia.rs\/?p=42398"},"modified":"2025-04-02T13:17:43","modified_gmt":"2025-04-02T11:17:43","slug":"skolarijada-2025-na-zlatiboru","status":"publish","type":"post","link":"https:\/\/centralmedia.rs\/index.php\/2025\/03\/31\/skolarijada-2025-na-zlatiboru\/","title":{"rendered":"\u0160KOLARIJADA 2025. NA ZLATIBORU"},"content":{"rendered":"\n<p>Jo\u0161 samo \u010detiri dana deli nas od najve\u0107eg \u0161kolskog sportskog doga\u0111aja u svetu &#8211; \u0160kolarijada 2025. na Zlatiboru<\/p>\n\n\n\n<figure class=\"wp-block-image size-large\"><img loading=\"lazy\" decoding=\"async\" width=\"1024\" height=\"1024\" src=\"http:\/\/centralmedia.rs\/wp-content\/uploads\/2025\/04\/skoalrijada-1024x1024.jpg\" alt=\"\" class=\"wp-image-42399\" srcset=\"https:\/\/centralmedia.rs\/wp-content\/uploads\/2025\/04\/skoalrijada-1024x1024.jpg 1024w, https:\/\/centralmedia.rs\/wp-content\/uploads\/2025\/04\/skoalrijada-300x300.jpg 300w, https:\/\/centralmedia.rs\/wp-content\/uploads\/2025\/04\/skoalrijada-150x150.jpg 150w, https:\/\/centralmedia.rs\/wp-content\/uploads\/2025\/04\/skoalrijada-768x768.jpg 768w, https:\/\/centralmedia.rs\/wp-content\/uploads\/2025\/04\/skoalrijada.jpg 1440w\" sizes=\"(max-width: 1024px) 100vw, 1024px\" \/><\/figure>\n\n\n\n<p>Zlatibor i Srbija imaju \u010dast da ugoste 4.402 mladih sportista i nastavnika iz \u010dak 55 zemalja, koji \u0107e od 4. do 14. aprila pokazati svoje ume\u0107e u 22 sporta i 3 para-sporta.<\/p>\n\n\n\n<p>Takmi\u010denja \u0107e se odvijati \u0161irom zapadne Srbije \u2013 Zlatibor, \u010cajetina, U\u017eice, Priboj, Po\u017eega i Lu\u010dani bi\u0107e doma\u0107ini vrhunskog sporta i nezaboravnih trenutaka. Osim uzbudljivih me\u010deva, u\u010desnici \u0107e imati priliku da kroz edukativne radionice, predavanja, \u201eVe\u010de nacija\u201c i \u201eKulturni dan\u201c upoznaju razli\u010dite kulture i steknu prijatelje iz celog sveta.<\/p>\n\n\n\n<p>Zlatibor sa ponosom is\u010dekuje ovaj veliki doga\u0111aj u organizaciji Saveza za \u0161kolski sport Srbije, Vlade Republike Srbije i Svetske federacije \u0161kolskog sporta (ISF).<\/p>\n","protected":false},"excerpt":{"rendered":"<p>Jo\u0161 samo \u010detiri dana deli nas od najve\u0107eg \u0161kolskog sportskog doga\u0111aja u svetu &#8211; \u0160kolarijada 2025. na Zlatiboru Zlatibor i Srbija imaju \u010dast da ugoste &hellip; <\/p>\n","protected":false},"author":2,"featured_media":42399,"comment_status":"closed","ping_status":"open","sticky":false,"template":"","format":"standard","meta":{"footnotes":""},"categories":[2875,1524,2,21,12],"tags":[6986,2876],"_links":{"self":[{"href":"https:\/\/centralmedia.rs\/index.php\/wp-json\/wp\/v2\/posts\/42398"}],"collection":[{"href":"https:\/\/centralmedia.rs\/index.php\/wp-json\/wp\/v2\/posts"}],"about":[{"href":"https:\/\/centralmedia.rs\/index.php\/wp-json\/wp\/v2\/types\/post"}],"author":[{"embeddable":true,"href":"https:\/\/centralmedia.rs\/index.php\/wp-json\/wp\/v2\/users\/2"}],"replies":[{"embeddable":true,"href":"https:\/\/centralmedia.rs\/index.php\/wp-json\/wp\/v2\/comments?post=42398"}],"version-history":[{"count":1,"href":"https:\/\/centralmedia.rs\/index.php\/wp-json\/wp\/v2\/posts\/42398\/revisions"}],"predecessor-version":[{"id":42400,"href":"https:\/\/centralmedia.rs\/index.php\/wp-json\/wp\/v2\/posts\/42398\/revisions\/42400"}],"wp:featuredmedia":[{"embeddable":true,"href":"https:\/\/centralmedia.rs\/index.php\/wp-json\/wp\/v2\/media\/42399"}],"wp:attachment":[{"href":"https:\/\/centralmedia.rs\/index.php\/wp-json\/wp\/v2\/media?parent=42398"}],"wp:term":[{"taxonomy":"category","embeddable":true,"href":"https:\/\/centralmedia.rs\/index.php\/wp-json\/wp\/v2\/categories?post=42398"},{"taxonomy":"post_tag","embeddable":true,"href":"https:\/\/centralmedia.rs\/index.php\/wp-json\/wp\/v2\/tags?post=42398"}],"curies":[{"name":"wp","href":"https:\/\/api.w.org\/{rel}","templated":true}]}}