{"id":42409,"date":"2025-04-03T17:47:30","date_gmt":"2025-04-03T15:47:30","guid":{"rendered":"https:\/\/centralmedia.rs\/?p=42409"},"modified":"2025-04-03T17:47:31","modified_gmt":"2025-04-03T15:47:31","slug":"opstina-cajetina-upotrebom-inovacija-na-korak-do-cilja-prva-ekoloska-opstina-u-srbiji","status":"publish","type":"post","link":"https:\/\/centralmedia.rs\/index.php\/2025\/04\/03\/opstina-cajetina-upotrebom-inovacija-na-korak-do-cilja-prva-ekoloska-opstina-u-srbiji\/","title":{"rendered":"Op\u0161tina \u010cajetina upotrebom inovacija na korak do cilja \u2013 prva ekolo\u0161ka op\u0161tina u Srbiji"},"content":{"rendered":"\n<p>RECIKLA\u017dNO DVORI\u0160TE NA ZLATIBORU \u2013 ZA ODR\u017dIVO UPRAVLjANjE OTPADOM<\/p>\n\n\n\n<p>Stamatovi\u0107: U \u010cajetini nema divljih deponija. Na\u0161 cilj je podsticanje ponovne upotrebe i recikliranja otpada, \u010dime se smanjuje koli\u010dina otpada i \u010duva \u017eivotna sredina&nbsp;<\/p>\n\n\n\n<p>\u010cajetina, 2. april 2025. godine \u2013 Potpisivanjem ugovora o finansiranju izme\u0111u op\u0161tine \u010cajetina i Ministarstva poljoprivrede krajem marta ove godine, ozvani\u010den je po\u010detak realizacije izgradnje recikla\u017enog dvori\u0161ta na Zlatiboru, jednog od klju\u010dnih ekolo\u0161kih projekata koji imaju veliki zna\u010daj za Republiku Srbiju.<\/p>\n\n\n\n<p>Projekat je kruna dugogodi\u0161njeg zajedni\u010dkog rada Komunalnog javnog preduze\u0107a &#8220;Zlatibor&#8221; i op\u0161tine \u010cajetina na adekvatnom upravljanju otpadom, i jedna od veoma va\u017enih ekolo\u0161kih mera u okviru Lokalnog plana, kao i jo\u0161 jedan korak na putu ka cilju da op\u0161tina \u010cajetina bude prva ekolo\u0161ka op\u0161tina u Srbiji.<\/p>\n\n\n\n<p>\u201dDanas u op\u0161tini nema divljih deponija, izgra\u0111eno je postrojenje za preradu otpadnih voda, uvedena je primarna selekcija otpada, a ve\u0107 do juna slede\u0107e godine u rad \u0107e biti pu\u0161teno i recikla\u017eno dvori\u0161te. Pripremni radovi i sva projektna dokumentacija su ve\u0107 ura\u0111eni, a uskoro \u0107e se po\u010deti i sa radovima na izgradnji. Bi\u0107e izgra\u0111en objekat povr\u0161ine 20.380 kvadratnih metara, koji \u0107e obuhvatiti niz prate\u0107ih sadr\u017eaja, i projektovan je sa kapacitetom za narednih 20 godina\u201d, rekao je za \u201dZlatiborske vesti\u201d Milan Stamatovi\u0107, predsednik op\u0161tine \u010cajetina.<\/p>\n\n\n\n<p>Kompletan projekat je deo \u0161ire saradnje sa partnerima iz \u0160vedske, odakle je ovaj koncept preuzet tako da ispunjava sve evropske standarde u domenu ekolo\u0161kog upravljanja otpadom. Cilj projekta je trajno re\u0161avanje problema odlaganja komunalnog, kao i drugih vrsta otpada koji nastaju u doma\u0107instvima i privredi.<\/p>\n\n\n\n<p>U okviru kompleksa bi\u0107e izgra\u0111ena infrastruktura koja \u0107e omogu\u0107iti gra\u0111anima da u ure\u0111enim kontejnerima odla\u017eu \u010dak 13 razli\u010ditih tokova otpada, me\u0111u kojima su najzna\u010dajniji: elektronski otpad, gume, otpadno drvo, otpad od gra\u0111enja i ru\u0161enja iz doma\u0107instva, otpadni name\u0161taj i drugi kabasti otpad, razne vrste plastike, opasan otpad iz doma\u0107instva (baterije, sijalice), otpadna ulja i drugi. Sav sakupljeni otpad \u0107e se na recikla\u017enom dvori\u0161tu sortirati po kategorijama i predavati ovla\u0161\u0107enim operaterima radi daljeg tretmana &#8211; recikla\u017ee.<\/p>\n\n\n\n<p>\u201dVa\u017eno je naglasiti da ovo nije prostor za deponovanje otpada, ve\u0107 recikla\u017eno dvori\u0161te \u010diji je osnovni cilj podsticanje ponovne upotrebe i recikliranja, \u010dime se smanjuje koli\u010dina otpada koji zavr\u0161ava na deponiji, obja\u0161njava Stamatovi\u0107. \u201dKompleks \u0107e se sastojati iz dve celine: jedan deo bi\u0107e namenjen za pretovar komunalnog otpada, dok \u0107e drugi deo biti otvoren za sve gra\u0111ane koji \u0107e mo\u0107i da odla\u017eu razne vrste otpada. Uz ovakav koncept, dvori\u0161te \u0107e pru\u017eiti maksimalnu dostupnost i funkcionalnost za sve korisnike \u2013 kako za gra\u0111ane, tako i za poslovne subjekte.\u201d<\/p>\n\n\n\n<p>Jedan od inovativnih aspekata ovog projekta je da \u0107e recikla\u017eno dvori\u0161te funkcionisati kao centar za ponovnu upotrebu, koji \u0107e podr\u017eavati koncept cirkularne ekonomije. Pored klasi\u010dnog odlaganja otpada, bi\u0107e organizovano sakupljanje starog name\u0161taja, tekstila i igra\u010daka, koji \u0107e, uz manje popravke i korekcije, mo\u0107i da se ponovo koriste. Ovaj pristup ima za cilj da odbacivanje upotrebljenih predmeta ne bude samo pitanje odlaganja, ve\u0107 i njihove ponovne upotrebe, \u010dime se podsti\u010de svest o va\u017enosti recikla\u017ene ekonomije i smanjenju otpada.<\/p>\n\n\n\n<p>Pored glavnih saobra\u0107ajnica koje omogu\u0107avaju klju\u010dnu komunikaciju, na terenu \u0107e se nalaziti i vi\u0161e pomo\u0107nih objekata, me\u0111u kojima su portirnica, magacin i posebno osmi\u0161ljene zone za kabasti, gra\u0111evinski, zeleni i elektronski otpad. Za gra\u0111ane je predvi\u0111ena i natkrivena navozna rampa koja \u0107e omogu\u0107iti sigurno i odgovorno odlaganje otpada u svim vremenskim uslovima.<\/p>\n\n\n\n<p>Jedan od najzna\u010dajnijih elemenata ovog projekta je edukativna u\u010dionica, namenjena edukaciji najmla\u0111ih i svih zainteresovanih gra\u0111ana o va\u017enosti recikla\u017ee i odgovornog upravljanja otpadom. Ovaj prostor \u0107e igrati klju\u010dnu ulogu u podizanju svesti o ekolo\u0161kim pitanjima i unapre\u0111enju praksi selekcije otpada. Pored toga, kompleks \u0107e biti otvoren za stru\u010dne posete i prezentacije, \u010dime \u0107e se dodatno promovisati i unaprediti ekolo\u0161ke prakse u Srbiji.<\/p>\n\n\n\n<p>\u201dIzgradnja recikla\u017enog dvori\u0161ta na Zlatiboru ima nacionalni zna\u010daj, jer podr\u017eava strategije odr\u017eivog razvoja i upravljanja otpadom na nivou dr\u017eave. Potvrdu za to su dali Ministarstvo za za\u0161titu \u017eivotne sredine i Ministarstvo privrede. Ovaj projekat \u0107e doprineti realizaciji nacionalnih ciljeva u oblasti recikliranja i smanjenja otpada, \u0161to je od klju\u010dnog zna\u010daja za pobolj\u0161anje ekolo\u0161ke slike Srbije. Tako\u0111e, izgradnja ovog centra podsti\u010de razvoj cirkularne ekonomije i mo\u017ee poslu\u017eiti kao primer dobre prakse za druge regije u zemlji\u201d, rekao je Stamatovi\u0107.<\/p>\n","protected":false},"excerpt":{"rendered":"<p>RECIKLA\u017dNO DVORI\u0160TE NA ZLATIBORU \u2013 ZA ODR\u017dIVO UPRAVLjANjE OTPADOM Stamatovi\u0107: U \u010cajetini nema divljih deponija. Na\u0161 cilj je podsticanje ponovne upotrebe i recikliranja otpada, \u010dime &hellip; <\/p>\n","protected":false},"author":2,"featured_media":42410,"comment_status":"closed","ping_status":"open","sticky":false,"template":"","format":"standard","meta":{"footnotes":""},"categories":[2875,1524,2,16,12],"tags":[6530,6988],"_links":{"self":[{"href":"https:\/\/centralmedia.rs\/index.php\/wp-json\/wp\/v2\/posts\/42409"}],"collection":[{"href":"https:\/\/centralmedia.rs\/index.php\/wp-json\/wp\/v2\/posts"}],"about":[{"href":"https:\/\/centralmedia.rs\/index.php\/wp-json\/wp\/v2\/types\/post"}],"author":[{"embeddable":true,"href":"https:\/\/centralmedia.rs\/index.php\/wp-json\/wp\/v2\/users\/2"}],"replies":[{"embeddable":true,"href":"https:\/\/centralmedia.rs\/index.php\/wp-json\/wp\/v2\/comments?post=42409"}],"version-history":[{"count":1,"href":"https:\/\/centralmedia.rs\/index.php\/wp-json\/wp\/v2\/posts\/42409\/revisions"}],"predecessor-version":[{"id":42411,"href":"https:\/\/centralmedia.rs\/index.php\/wp-json\/wp\/v2\/posts\/42409\/revisions\/42411"}],"wp:featuredmedia":[{"embeddable":true,"href":"https:\/\/centralmedia.rs\/index.php\/wp-json\/wp\/v2\/media\/42410"}],"wp:attachment":[{"href":"https:\/\/centralmedia.rs\/index.php\/wp-json\/wp\/v2\/media?parent=42409"}],"wp:term":[{"taxonomy":"category","embeddable":true,"href":"https:\/\/centralmedia.rs\/index.php\/wp-json\/wp\/v2\/categories?post=42409"},{"taxonomy":"post_tag","embeddable":true,"href":"https:\/\/centralmedia.rs\/index.php\/wp-json\/wp\/v2\/tags?post=42409"}],"curies":[{"name":"wp","href":"https:\/\/api.w.org\/{rel}","templated":true}]}}