{"id":4241,"date":"2016-08-14T10:19:29","date_gmt":"2016-08-14T10:19:29","guid":{"rendered":"http:\/\/centralmedia.rs\/?p=4241"},"modified":"2017-03-01T22:52:36","modified_gmt":"2017-03-01T22:52:36","slug":"posle-formiranja-vlade-srbije-vulin-u-gerontoloskom-centru-u-jagodini","status":"publish","type":"post","link":"https:\/\/centralmedia.rs\/index.php\/2016\/08\/14\/posle-formiranja-vlade-srbije-vulin-u-gerontoloskom-centru-u-jagodini\/","title":{"rendered":"POSLE FORMIRANJA VLADE SRBIJE-VULIN U GERONTOLO\u0160KOM CENTRU U JAGODINI"},"content":{"rendered":"<p>JAGODINA- Ministar za rad, socijalna i bora\u010dka pitanja Aleksandar Vulin posle formiranja Vlade Srbije u petak, danas je u prvu zvani\u010dnu posetu do\u0161ao u <a href=\"http:\/\/gcjagodina.rs\/\" target=\"_blank\">Gerontolo\u0161ki centar u Jagodini<\/a>. On je izjavio da je u Fond PIO do 11 avgusta upla\u0107eno 4,4 milijarde vi\u0161e nego \u0161to je planirano i da je to pove\u0107anje od 2 odsto.<\/p>\n<div id='gallery-1' class='gallery galleryid-4241 gallery-columns-3 gallery-size-thumbnail'><figure class='gallery-item'>\n\t\t\t<div class='gallery-icon landscape'>\n\t\t\t\t<a href='https:\/\/centralmedia.rs\/index.php\/2016\/08\/14\/posle-formiranja-vlade-srbije-vulin-u-gerontoloskom-centru-u-jagodini\/vulin-7-jagodina-g-j\/'><img loading=\"lazy\" decoding=\"async\" width=\"150\" height=\"150\" src=\"https:\/\/centralmedia.rs\/wp-content\/uploads\/2016\/08\/vulin-7-jagodina-g.j.-150x150.jpg\" class=\"attachment-thumbnail size-thumbnail\" alt=\"\" \/><\/a>\n\t\t\t<\/div><\/figure><figure class='gallery-item'>\n\t\t\t<div class='gallery-icon landscape'>\n\t\t\t\t<a href='https:\/\/centralmedia.rs\/index.php\/2016\/08\/14\/posle-formiranja-vlade-srbije-vulin-u-gerontoloskom-centru-u-jagodini\/vulin-5-jagodina-g-j\/'><img loading=\"lazy\" decoding=\"async\" width=\"150\" height=\"150\" src=\"https:\/\/centralmedia.rs\/wp-content\/uploads\/2016\/08\/vulin-5-jagodina-g.j.-150x150.jpg\" class=\"attachment-thumbnail size-thumbnail\" alt=\"\" \/><\/a>\n\t\t\t<\/div><\/figure><figure class='gallery-item'>\n\t\t\t<div class='gallery-icon landscape'>\n\t\t\t\t<a href='https:\/\/centralmedia.rs\/index.php\/2016\/08\/14\/posle-formiranja-vlade-srbije-vulin-u-gerontoloskom-centru-u-jagodini\/vulin-6-jagodina-g-j\/'><img loading=\"lazy\" decoding=\"async\" width=\"150\" height=\"150\" src=\"https:\/\/centralmedia.rs\/wp-content\/uploads\/2016\/08\/vulin-6-jagodina-g.j.-150x150.jpg\" class=\"attachment-thumbnail size-thumbnail\" alt=\"\" \/><\/a>\n\t\t\t<\/div><\/figure>\n\t\t<\/div>\n\n<p>-Trend pove\u0107ane naplate dopinosa za PIO se nastavlja. Fond PIO je na ime dotacija iz dr\u017eavnog bud\u017eeta povukao 13,8\u00a0 milijardi dinara manje nego \u0161to je planirano i ako nastavimo ovim tempom do kraja godine ima\u0107emo svega 35 odsto dotacija za penzije, rekao je Vulin u prilikom posete Gerontolo\u0161kom centru.<\/p>\n<div id='gallery-2' class='gallery galleryid-4241 gallery-columns-3 gallery-size-thumbnail'><figure class='gallery-item'>\n\t\t\t<div class='gallery-icon landscape'>\n\t\t\t\t<a href='https:\/\/centralmedia.rs\/index.php\/2016\/08\/14\/posle-formiranja-vlade-srbije-vulin-u-gerontoloskom-centru-u-jagodini\/vulin-3-jagodina-g-j\/'><img loading=\"lazy\" decoding=\"async\" width=\"150\" height=\"150\" src=\"https:\/\/centralmedia.rs\/wp-content\/uploads\/2016\/08\/vulin-3-jagodina-g.j.-150x150.jpg\" class=\"attachment-thumbnail size-thumbnail\" alt=\"\" \/><\/a>\n\t\t\t<\/div><\/figure><figure class='gallery-item'>\n\t\t\t<div class='gallery-icon landscape'>\n\t\t\t\t<a href='https:\/\/centralmedia.rs\/index.php\/2016\/08\/14\/posle-formiranja-vlade-srbije-vulin-u-gerontoloskom-centru-u-jagodini\/vulin-4-jagodina-g-j\/'><img loading=\"lazy\" decoding=\"async\" width=\"150\" height=\"150\" src=\"https:\/\/centralmedia.rs\/wp-content\/uploads\/2016\/08\/vulin-4-jagodina-g.j.-150x150.jpg\" class=\"attachment-thumbnail size-thumbnail\" alt=\"\" \/><\/a>\n\t\t\t<\/div><\/figure><figure class='gallery-item'>\n\t\t\t<div class='gallery-icon landscape'>\n\t\t\t\t<a href='https:\/\/centralmedia.rs\/index.php\/2016\/08\/14\/posle-formiranja-vlade-srbije-vulin-u-gerontoloskom-centru-u-jagodini\/vulin-1-jagodina-g-j-2\/'><img loading=\"lazy\" decoding=\"async\" width=\"150\" height=\"150\" src=\"https:\/\/centralmedia.rs\/wp-content\/uploads\/2016\/08\/vulin-1-jagodina-g.j.-150x150.jpg\" class=\"attachment-thumbnail size-thumbnail\" alt=\"\" \/><\/a>\n\t\t\t<\/div><\/figure>\n\t\t<\/div>\n\n<p>On je podsetio da su 2012. godine dotacije za penzije bile su 48 odsto.<\/p>\n<p>-To je apsolutan dokaz da privreda bolje radi i da imamo vi\u0161e zaposlenih. Uostalom, matematika je veoma jasna. Nivo upla\u0107enih doprinosa je vi\u0161i nego rast zarada, to zna\u010di ve\u0107i broj prijavljenih radnika, neki su do\u0161li iz sive zone, ali i otvorena su nova radnih mesta, precizirao je ministar.<\/p>\n<p>Vulin je rekao da se politika Vlade Srbije se ne\u0107e menjati \u0161to se ti\u010de socijalne za\u0161tite.<\/p>\n<p>-Trudi\u0107emo se da zadr\u017eimo postoje\u0107i nivo prava i socijalnih davanja, a tamo gde je mogu\u0107e i da pro\u0161irimo. Moramo da vodimo ra\u010duna da pomo\u0107 bude dostupna onima kojima je najpotrebnija. Vlada \u0107e voditi ra\u010duna da se nivo dostignutih socijalnih prava o\u010duva i gde je mogu\u0107e pove\u0107a. Ali da bi bilo mogu\u0107e podi\u0107i nivo usluga u gerontolo\u0161kim centrima i kvalitet socijalne za\u0161tite, a mo\u017eemo da potro\u0161imo samo onoliko koliko zaradimo, na\u0161a privreda mora bolje da funkcioni\u0161e, objasnio je on.<\/p>\n<p>Vulin je dodao da \u0107e biti nastavljeno pobolj\u0161avanje \u00a0kvalitet \u017eivota u domovima, ali ne samo u domovima.<\/p>\n<p>&#8211; Dom je mesto gde morate da zadovoljite sve svoje potrebe, kako dolikuje ljudskom bi\u0107u. Srbija je dovoljno bogata da mo\u017ee da obezbedi da u svakoj njenoj instituciji nivo usluga bude najvi\u0161i. Zato smo pokrenuli proces licinciranja ustanova i privodimo ga kraju, cilj je da sve ustanove u smislu kvalitete usluga budu izjedna\u010dene, naglasio je on.<\/p>\n<p>Sa njim je bila direktorka Fonda PIO Dragana Kalinovi\u0107 koja je sa saradnicima pratila akciju lekara koji su obavili karidolo\u0161ke i internisti\u010dke preglede korisnika Gerontolo\u0161kog centra u Jagodini.<\/p>\n<p>Direktor tog centra Milan Stojanovi\u0107 rekao je da ustanova osnovana 1962. godine i da tu \u017eivi 270 korisnika, a dao njima brine 120 zaposlenih.<\/p>\n<p>-Glavni cilj je pru\u017eanje kvalitetne usluge korisnicima. Upravo u tom pogledu ministartvo i ministar Vulin su nam iza\u0161ili u susret po\u010detkom 2016. godine, te smo nabavili novo vozilo, nove aparate za kuhinju i ve\u0161eraj. To je podiglo nivo usluga, rekao je Stojanovi\u0107.<\/p>\n<p>Poseti ministra Vulina prisustvovao je na\u010delnik Pomoravskog okruga Goran Milosavljevi\u0107, direktori socijalniih i dr\u017eavnih ustanova, te predstavnici politi\u010dkih partija.<\/p>\n","protected":false},"excerpt":{"rendered":"<p>JAGODINA- Ministar za rad, socijalna i bora\u010dka pitanja Aleksandar Vulin posle formiranja Vlade Srbije u petak, danas je u prvu zvani\u010dnu posetu do\u0161ao u Gerontolo\u0161ki &hellip; <\/p>\n","protected":false},"author":4,"featured_media":4242,"comment_status":"open","ping_status":"open","sticky":false,"template":"","format":"standard","meta":{"footnotes":""},"categories":[2,13,12],"tags":[279,58,144],"_links":{"self":[{"href":"https:\/\/centralmedia.rs\/index.php\/wp-json\/wp\/v2\/posts\/4241"}],"collection":[{"href":"https:\/\/centralmedia.rs\/index.php\/wp-json\/wp\/v2\/posts"}],"about":[{"href":"https:\/\/centralmedia.rs\/index.php\/wp-json\/wp\/v2\/types\/post"}],"author":[{"embeddable":true,"href":"https:\/\/centralmedia.rs\/index.php\/wp-json\/wp\/v2\/users\/4"}],"replies":[{"embeddable":true,"href":"https:\/\/centralmedia.rs\/index.php\/wp-json\/wp\/v2\/comments?post=4241"}],"version-history":[{"count":0,"href":"https:\/\/centralmedia.rs\/index.php\/wp-json\/wp\/v2\/posts\/4241\/revisions"}],"wp:featuredmedia":[{"embeddable":true,"href":"https:\/\/centralmedia.rs\/index.php\/wp-json\/wp\/v2\/media\/4242"}],"wp:attachment":[{"href":"https:\/\/centralmedia.rs\/index.php\/wp-json\/wp\/v2\/media?parent=4241"}],"wp:term":[{"taxonomy":"category","embeddable":true,"href":"https:\/\/centralmedia.rs\/index.php\/wp-json\/wp\/v2\/categories?post=4241"},{"taxonomy":"post_tag","embeddable":true,"href":"https:\/\/centralmedia.rs\/index.php\/wp-json\/wp\/v2\/tags?post=4241"}],"curies":[{"name":"wp","href":"https:\/\/api.w.org\/{rel}","templated":true}]}}