{"id":42439,"date":"2025-04-09T17:35:20","date_gmt":"2025-04-09T15:35:20","guid":{"rendered":"https:\/\/centralmedia.rs\/?p=42439"},"modified":"2025-04-12T17:57:16","modified_gmt":"2025-04-12T15:57:16","slug":"odata-posta-zrtvama-nato-agresije","status":"publish","type":"post","link":"https:\/\/centralmedia.rs\/index.php\/2025\/04\/09\/odata-posta-zrtvama-nato-agresije\/","title":{"rendered":"ODATA PO\u0160TA \u017dRTVAMA NATO AGRESIJE"},"content":{"rendered":"\n<p>U spomen-parku na Torniku danas su polo\u017eeni venci i odata po\u010dast trojici civila koji su pre 26 godina tragi\u010dno nastradali u NATO agresiji na Saveznu Republiku Jugoslaviju.<\/p>\n\n\n\n<p>U ranim jutarnjim \u010dasovima, 8. aprila 1999. godine u 4:08, sna\u017ene rakete pogodile su Sportski centar na Torniku \u2013 objekat bez ikakvog vojnog zna\u010daja. \u017divote su tada izgubili Milanko Savi\u0107 iz Jablanice, Ne\u0111o Uro\u0161evi\u0107 iz \u010cajetine i Radoje Marjanovi\u0107 iz Ribnice.<\/p>\n\n\n\n<p>Uz prisustvo \u010dlanova porodica stradalih, vence su polo\u017eili predstavnici Udru\u017eenja ratnih veterana \u010cajetina, SUBNOR-a iz U\u017eica, op\u0161tine \u010cajetina, Specijalne bolnice \u201e\u010cigota\u201c i gra\u0111ani.<\/p>\n\n\n\n<p>Postavljena 2000. godine, spomen-plo\u010da sa porukom \u201eDa se nikada ne zaboravi, da se nikada nikome i nigde ne dogodi\u201c svedo\u010di o nevinim \u017ertvama i poziva na trajno pam\u0107enje i pouke iz pro\u0161losti.<\/p>\n","protected":false},"excerpt":{"rendered":"<p>U spomen-parku na Torniku danas su polo\u017eeni venci i odata po\u010dast trojici civila koji su pre 26 godina tragi\u010dno nastradali u NATO agresiji na Saveznu &hellip; <\/p>\n","protected":false},"author":2,"featured_media":42440,"comment_status":"closed","ping_status":"open","sticky":false,"template":"","format":"standard","meta":{"footnotes":""},"categories":[2875,14,1524,12],"tags":[6530,3570],"_links":{"self":[{"href":"https:\/\/centralmedia.rs\/index.php\/wp-json\/wp\/v2\/posts\/42439"}],"collection":[{"href":"https:\/\/centralmedia.rs\/index.php\/wp-json\/wp\/v2\/posts"}],"about":[{"href":"https:\/\/centralmedia.rs\/index.php\/wp-json\/wp\/v2\/types\/post"}],"author":[{"embeddable":true,"href":"https:\/\/centralmedia.rs\/index.php\/wp-json\/wp\/v2\/users\/2"}],"replies":[{"embeddable":true,"href":"https:\/\/centralmedia.rs\/index.php\/wp-json\/wp\/v2\/comments?post=42439"}],"version-history":[{"count":1,"href":"https:\/\/centralmedia.rs\/index.php\/wp-json\/wp\/v2\/posts\/42439\/revisions"}],"predecessor-version":[{"id":42441,"href":"https:\/\/centralmedia.rs\/index.php\/wp-json\/wp\/v2\/posts\/42439\/revisions\/42441"}],"wp:featuredmedia":[{"embeddable":true,"href":"https:\/\/centralmedia.rs\/index.php\/wp-json\/wp\/v2\/media\/42440"}],"wp:attachment":[{"href":"https:\/\/centralmedia.rs\/index.php\/wp-json\/wp\/v2\/media?parent=42439"}],"wp:term":[{"taxonomy":"category","embeddable":true,"href":"https:\/\/centralmedia.rs\/index.php\/wp-json\/wp\/v2\/categories?post=42439"},{"taxonomy":"post_tag","embeddable":true,"href":"https:\/\/centralmedia.rs\/index.php\/wp-json\/wp\/v2\/tags?post=42439"}],"curies":[{"name":"wp","href":"https:\/\/api.w.org\/{rel}","templated":true}]}}