{"id":42459,"date":"2025-04-09T17:54:02","date_gmt":"2025-04-09T15:54:02","guid":{"rendered":"https:\/\/centralmedia.rs\/?p=42459"},"modified":"2025-04-12T17:56:09","modified_gmt":"2025-04-12T15:56:09","slug":"poseta-delegacije-opstine-svilajnac-becu","status":"publish","type":"post","link":"https:\/\/centralmedia.rs\/index.php\/2025\/04\/09\/poseta-delegacije-opstine-svilajnac-becu\/","title":{"rendered":"POSETA DELEGACIJE OP\u0160TINE SVILAJNAC BE\u010cU"},"content":{"rendered":"\n<p>Delegacija Op\u0161tine Svilajnac na \u010delu sa predsednikom Predragom Milanovi\u0107em posetila je prestonicu Austrije u organizaciji Ambasade Srbije u Austriji i u saradnji sa Klubom srpskih privrednika u Austriji.<\/p>\n\n\n\n<p>Tokom posete Be\u010du, predsednik Milanovi\u0107 imao je sastanak sa na\u010delnikom najve\u0107eg okruga ovog grada Markusom Francom i srpskim privrednicima.<\/p>\n\n\n\n<p>Na po\u010detku posete Milanovi\u0107 je imao vi\u0161e nego srda\u010dan susret sa predsednikom 10. be\u010dke op\u0161tine Favoriten. Razmenjene su najva\u017enije informacije iz svih oblasti koje su vezane za svilajna\u010dku op\u0161tinu i okrug Favoriten koji je sa blizu 300.000 ljudi najve\u0107i u Be\u010du.<\/p>\n\n\n\n<p>Predsednik op\u0161tine Svilajnac predo\u010dio je doma\u0107inu sve oblasti u kojima je mogu\u0107e uspostaviti saradnju i ostvariti zajedni\u010dke ciljeve, od privrednih, ekonomskih do turisti\u010dkih i kulturnih:<\/p>\n\n\n\n<p>\u201cMi nismo do\u0161li da tra\u017eimo pomo\u0107, ve\u0107 da prona\u0111emo partnera za zajedni\u010dke projekte. Imao sam sastanak sa ambasadorom Srbije u Be\u010du Markom Blagojevi\u0107em i sa predstavnicima nekoliko kompanija, tako da ve\u0107 slede\u0107e nedelje o\u010dekujem posetu na\u0161oj op\u0161tini i nastavak razgovora o otvaranju novih pogona u na\u0161im industrijskim zonama. Svilajnac je do\u0161ao do tog nivoa da ima \u0161ta da ponudi velikim gradovima, tako i ovoj najve\u0107oj op\u0161tini u Be\u010du\u201c &#8211; istakao je Predrag Milanovi\u0107.<\/p>\n\n\n\n<p>Franc je, sa druge strane, izrazio zadovoljstvo \u0161to je imao priliku da se upozna sa jednom razvijenom op\u0161tinom iz Srbije kao \u0161to je Svilajnac.<\/p>\n\n\n\n<p>Zajedni\u010dki zaklju\u010dak sa sastanka je da je Svilajnac postao op\u0161tina za primer drugim gradovima u Srbiji, kako treba da se radi na daljem razvoju svoje sredine.<\/p>\n\n\n\n<p>Usledio je potom susret sa Udru\u017eenjem srpskih privrednika u Austriji (USPA). Uz prisustvo skoro svih \u010dlanova, a ima ih preko 50, predsednik op\u0161tine Svilajnac je upoznao vlasnike kompanija sa svim privredno ekonomskim potencijalima na\u0161e op\u0161tine i pozvao ih da posete i upoznaju na\u0161 grad i sami se uvere u ono \u0161to im je prezentovano u Be\u010du. Austrijsko srpski privrednici su sa velikom pa\u017enjom ispratili izlaganje Predraga Milanovi\u0107a i o\u010dekuje se veoma brzo realizacija dogovora i planiranje zajedni\u010dkih projekata u narednom periodu.<\/p>\n","protected":false},"excerpt":{"rendered":"<p>Delegacija Op\u0161tine Svilajnac na \u010delu sa predsednikom Predragom Milanovi\u0107em posetila je prestonicu Austrije u organizaciji Ambasade Srbije u Austriji i u saradnji sa Klubom srpskih &hellip; <\/p>\n","protected":false},"author":2,"featured_media":42460,"comment_status":"closed","ping_status":"open","sticky":false,"template":"","format":"standard","meta":{"footnotes":""},"categories":[1524,1517],"tags":[6690,38],"_links":{"self":[{"href":"https:\/\/centralmedia.rs\/index.php\/wp-json\/wp\/v2\/posts\/42459"}],"collection":[{"href":"https:\/\/centralmedia.rs\/index.php\/wp-json\/wp\/v2\/posts"}],"about":[{"href":"https:\/\/centralmedia.rs\/index.php\/wp-json\/wp\/v2\/types\/post"}],"author":[{"embeddable":true,"href":"https:\/\/centralmedia.rs\/index.php\/wp-json\/wp\/v2\/users\/2"}],"replies":[{"embeddable":true,"href":"https:\/\/centralmedia.rs\/index.php\/wp-json\/wp\/v2\/comments?post=42459"}],"version-history":[{"count":1,"href":"https:\/\/centralmedia.rs\/index.php\/wp-json\/wp\/v2\/posts\/42459\/revisions"}],"predecessor-version":[{"id":42461,"href":"https:\/\/centralmedia.rs\/index.php\/wp-json\/wp\/v2\/posts\/42459\/revisions\/42461"}],"wp:featuredmedia":[{"embeddable":true,"href":"https:\/\/centralmedia.rs\/index.php\/wp-json\/wp\/v2\/media\/42460"}],"wp:attachment":[{"href":"https:\/\/centralmedia.rs\/index.php\/wp-json\/wp\/v2\/media?parent=42459"}],"wp:term":[{"taxonomy":"category","embeddable":true,"href":"https:\/\/centralmedia.rs\/index.php\/wp-json\/wp\/v2\/categories?post=42459"},{"taxonomy":"post_tag","embeddable":true,"href":"https:\/\/centralmedia.rs\/index.php\/wp-json\/wp\/v2\/tags?post=42459"}],"curies":[{"name":"wp","href":"https:\/\/api.w.org\/{rel}","templated":true}]}}