{"id":42462,"date":"2025-04-09T16:55:41","date_gmt":"2025-04-09T14:55:41","guid":{"rendered":"https:\/\/centralmedia.rs\/?p=42462"},"modified":"2025-04-12T17:56:01","modified_gmt":"2025-04-12T15:56:01","slug":"protest-3","status":"publish","type":"post","link":"https:\/\/centralmedia.rs\/index.php\/2025\/04\/09\/protest-3\/","title":{"rendered":"PROTEST"},"content":{"rendered":"\n<p>Grupa studenata, koja je krenula iz Jagodine pe\u0161a\u010di tre\u0107i dan zaredom put Novog Pazara, gde \u0107e 12. aprila biti odr\u017ean protestni skup. U Jagodini su odr\u017eani su protesti grupe gra\u0111ana u petak i nedelju, kao i \u0161etnja i tzv. zbor.<\/p>\n\n\n\n<p>Foto dru\u0161tvene mte\u017ee<\/p>\n","protected":false},"excerpt":{"rendered":"<p>Grupa studenata, koja je krenula iz Jagodine pe\u0161a\u010di tre\u0107i dan zaredom put Novog Pazara, gde \u0107e 12. aprila biti odr\u017ean protestni skup. U Jagodini su &hellip; <\/p>\n","protected":false},"author":2,"featured_media":42463,"comment_status":"closed","ping_status":"open","sticky":false,"template":"","format":"standard","meta":{"footnotes":""},"categories":[1524,1514,13,12],"tags":[58,1922],"_links":{"self":[{"href":"https:\/\/centralmedia.rs\/index.php\/wp-json\/wp\/v2\/posts\/42462"}],"collection":[{"href":"https:\/\/centralmedia.rs\/index.php\/wp-json\/wp\/v2\/posts"}],"about":[{"href":"https:\/\/centralmedia.rs\/index.php\/wp-json\/wp\/v2\/types\/post"}],"author":[{"embeddable":true,"href":"https:\/\/centralmedia.rs\/index.php\/wp-json\/wp\/v2\/users\/2"}],"replies":[{"embeddable":true,"href":"https:\/\/centralmedia.rs\/index.php\/wp-json\/wp\/v2\/comments?post=42462"}],"version-history":[{"count":1,"href":"https:\/\/centralmedia.rs\/index.php\/wp-json\/wp\/v2\/posts\/42462\/revisions"}],"predecessor-version":[{"id":42464,"href":"https:\/\/centralmedia.rs\/index.php\/wp-json\/wp\/v2\/posts\/42462\/revisions\/42464"}],"wp:featuredmedia":[{"embeddable":true,"href":"https:\/\/centralmedia.rs\/index.php\/wp-json\/wp\/v2\/media\/42463"}],"wp:attachment":[{"href":"https:\/\/centralmedia.rs\/index.php\/wp-json\/wp\/v2\/media?parent=42462"}],"wp:term":[{"taxonomy":"category","embeddable":true,"href":"https:\/\/centralmedia.rs\/index.php\/wp-json\/wp\/v2\/categories?post=42462"},{"taxonomy":"post_tag","embeddable":true,"href":"https:\/\/centralmedia.rs\/index.php\/wp-json\/wp\/v2\/tags?post=42462"}],"curies":[{"name":"wp","href":"https:\/\/api.w.org\/{rel}","templated":true}]}}