{"id":42524,"date":"2025-04-27T14:12:43","date_gmt":"2025-04-27T12:12:43","guid":{"rendered":"https:\/\/centralmedia.rs\/?p=42524"},"modified":"2025-04-29T14:24:48","modified_gmt":"2025-04-29T12:24:48","slug":"ruski-muzicari-odusevili-publiku-u-jagodini","status":"publish","type":"post","link":"https:\/\/centralmedia.rs\/index.php\/2025\/04\/27\/ruski-muzicari-odusevili-publiku-u-jagodini\/","title":{"rendered":"RUSKI MUZI\u010cARI ODU\u0160EVILI PUBLIKU U JAGODINI"},"content":{"rendered":"\n<p>U prepunoj sali Centra za kulturu u Jagodini odr\u017ean je prvi koncert u Srbiji najboljih stipendista Fondacije &#8220;Nova imena&#8221; iz Moskve.<\/p>\n\n\n\n<figure class=\"wp-block-gallery has-nested-images columns-default is-cropped wp-block-gallery-1 is-layout-flex wp-block-gallery-is-layout-flex\">\n<figure class=\"wp-block-image size-large\"><img loading=\"lazy\" decoding=\"async\" width=\"1024\" height=\"768\" data-id=\"42526\" src=\"https:\/\/centralmedia.rs\/wp-content\/uploads\/2025\/04\/rusi1-1024x768.jpg\" alt=\"\" class=\"wp-image-42526\" srcset=\"https:\/\/centralmedia.rs\/wp-content\/uploads\/2025\/04\/rusi1-1024x768.jpg 1024w, https:\/\/centralmedia.rs\/wp-content\/uploads\/2025\/04\/rusi1-300x225.jpg 300w, https:\/\/centralmedia.rs\/wp-content\/uploads\/2025\/04\/rusi1-768x576.jpg 768w, https:\/\/centralmedia.rs\/wp-content\/uploads\/2025\/04\/rusi1.jpg 1440w\" sizes=\"(max-width: 1024px) 100vw, 1024px\" \/><\/figure>\n\n\n\n<figure class=\"wp-block-image size-large\"><img loading=\"lazy\" decoding=\"async\" width=\"1024\" height=\"770\" data-id=\"42529\" src=\"https:\/\/centralmedia.rs\/wp-content\/uploads\/2025\/04\/rusi2-1024x770.jpg\" alt=\"\" class=\"wp-image-42529\" srcset=\"https:\/\/centralmedia.rs\/wp-content\/uploads\/2025\/04\/rusi2-1024x770.jpg 1024w, https:\/\/centralmedia.rs\/wp-content\/uploads\/2025\/04\/rusi2-300x226.jpg 300w, https:\/\/centralmedia.rs\/wp-content\/uploads\/2025\/04\/rusi2-768x578.jpg 768w, https:\/\/centralmedia.rs\/wp-content\/uploads\/2025\/04\/rusi2.jpg 1436w\" sizes=\"(max-width: 1024px) 100vw, 1024px\" \/><\/figure>\n\n\n\n<figure class=\"wp-block-image size-large\"><img loading=\"lazy\" decoding=\"async\" width=\"1024\" height=\"768\" data-id=\"42528\" src=\"https:\/\/centralmedia.rs\/wp-content\/uploads\/2025\/04\/rusi3-1024x768.jpg\" alt=\"\" class=\"wp-image-42528\" srcset=\"https:\/\/centralmedia.rs\/wp-content\/uploads\/2025\/04\/rusi3-1024x768.jpg 1024w, https:\/\/centralmedia.rs\/wp-content\/uploads\/2025\/04\/rusi3-300x225.jpg 300w, https:\/\/centralmedia.rs\/wp-content\/uploads\/2025\/04\/rusi3-768x576.jpg 768w, https:\/\/centralmedia.rs\/wp-content\/uploads\/2025\/04\/rusi3.jpg 1440w\" sizes=\"(max-width: 1024px) 100vw, 1024px\" \/><\/figure>\n\n\n\n<figure class=\"wp-block-image size-large\"><img loading=\"lazy\" decoding=\"async\" width=\"1024\" height=\"768\" data-id=\"42527\" src=\"https:\/\/centralmedia.rs\/wp-content\/uploads\/2025\/04\/rusi4-1024x768.jpg\" alt=\"\" class=\"wp-image-42527\" srcset=\"https:\/\/centralmedia.rs\/wp-content\/uploads\/2025\/04\/rusi4-1024x768.jpg 1024w, https:\/\/centralmedia.rs\/wp-content\/uploads\/2025\/04\/rusi4-300x225.jpg 300w, https:\/\/centralmedia.rs\/wp-content\/uploads\/2025\/04\/rusi4-768x576.jpg 768w, https:\/\/centralmedia.rs\/wp-content\/uploads\/2025\/04\/rusi4.jpg 1440w\" sizes=\"(max-width: 1024px) 100vw, 1024px\" \/><\/figure>\n<\/figure>\n\n\n\n<p> Koncert je odr\u017ean uz podr\u0161ku ambasade Ruske Federacije u Beogradu I Skup\u0161tine grada Jagodine. Skup su pozdravili savetnik ambasade Rusije u Beogradu Mihail Generalov i zamenica predsednika Skup\u0161tine grada Jagodine Bojana Antonijevic. Generalov je istakao odli\u010dnu saradnju \u010dlana Gradskog veca Jagodine i potpredsednika Jedinstvene Srbije Dalibora Markovica i ruske ambasade u Beogradu. Nastupili su Polina Molodcova, Lev Bakirov, Artur Kri\u0161can, Mihail Kaufman, Grigorij Tjulemanov i Tihon Evlanov, koji su izvodili dela \u010cajkovskog, Rahmanjinova i drugih. Publiku je na noge digao tenor Mihail Kaufman koji je otpevao &#8220;Tamo daleko&#8221;.Koncert je odr\u017ean povodom 80. godi\u0161njice pobede nad fa\u0161izmom u Drugom svetskom ratu, a dve delegacije polo\u017eili su i vence i cve\u0107e na spomenik crvenoarmejcima palim za oslobo\u0111enje Jagodine u Drugom svetskom ratu na Ruskom groblju u Jagodini. Uskoro se u Jagodini o\u010dekuje velika manifestacija &#8220;Dani Moskve u Jagodini&#8221;.<\/p>\n","protected":false},"excerpt":{"rendered":"<p>U prepunoj sali Centra za kulturu u Jagodini odr\u017ean je prvi koncert u Srbiji najboljih stipendista Fondacije &#8220;Nova imena&#8221; iz Moskve. Koncert je odr\u017ean uz &hellip; <\/p>\n","protected":false},"author":2,"featured_media":42525,"comment_status":"closed","ping_status":"open","sticky":false,"template":"","format":"standard","meta":{"footnotes":""},"categories":[1524,1514,15,12],"tags":[58,141,69],"_links":{"self":[{"href":"https:\/\/centralmedia.rs\/index.php\/wp-json\/wp\/v2\/posts\/42524"}],"collection":[{"href":"https:\/\/centralmedia.rs\/index.php\/wp-json\/wp\/v2\/posts"}],"about":[{"href":"https:\/\/centralmedia.rs\/index.php\/wp-json\/wp\/v2\/types\/post"}],"author":[{"embeddable":true,"href":"https:\/\/centralmedia.rs\/index.php\/wp-json\/wp\/v2\/users\/2"}],"replies":[{"embeddable":true,"href":"https:\/\/centralmedia.rs\/index.php\/wp-json\/wp\/v2\/comments?post=42524"}],"version-history":[{"count":1,"href":"https:\/\/centralmedia.rs\/index.php\/wp-json\/wp\/v2\/posts\/42524\/revisions"}],"predecessor-version":[{"id":42530,"href":"https:\/\/centralmedia.rs\/index.php\/wp-json\/wp\/v2\/posts\/42524\/revisions\/42530"}],"wp:featuredmedia":[{"embeddable":true,"href":"https:\/\/centralmedia.rs\/index.php\/wp-json\/wp\/v2\/media\/42525"}],"wp:attachment":[{"href":"https:\/\/centralmedia.rs\/index.php\/wp-json\/wp\/v2\/media?parent=42524"}],"wp:term":[{"taxonomy":"category","embeddable":true,"href":"https:\/\/centralmedia.rs\/index.php\/wp-json\/wp\/v2\/categories?post=42524"},{"taxonomy":"post_tag","embeddable":true,"href":"https:\/\/centralmedia.rs\/index.php\/wp-json\/wp\/v2\/tags?post=42524"}],"curies":[{"name":"wp","href":"https:\/\/api.w.org\/{rel}","templated":true}]}}