{"id":4256,"date":"2016-08-15T14:25:21","date_gmt":"2016-08-15T14:25:21","guid":{"rendered":"http:\/\/centralmedia.rs\/?p=4256"},"modified":"2016-08-15T14:25:21","modified_gmt":"2016-08-15T14:25:21","slug":"izbora-mis-u-paracinu-uzicanka-mis-centralne-srbije","status":"publish","type":"post","link":"https:\/\/centralmedia.rs\/index.php\/2016\/08\/15\/izbora-mis-u-paracinu-uzicanka-mis-centralne-srbije\/","title":{"rendered":"IZBORA MIS U PARA\u0106INU &#8211; U\u017dI\u010cANKA MIS CENTRALNE SRBIJE"},"content":{"rendered":"<p>PARA\u0106IN-Na tradicionalnom izboru za mis centralne Srbije u para\u0107inskom hotelu Petrus, koji je ujedno i zvani\u010dno polufinale izbora za mis Srbije, u organizaciji Mis Ju kompanije iz Beograda, pobedila je \u00a0An\u0111elija Rogi\u0107 (22) iz U\u017eica. \u017diri je imao vrlo te\u017eak zadatak da izabare najlep\u0161e u konkurenciji 14 devojaka iz desetak gradova Srbije. Prva pratilja je \u00a0Lidija Radisavljevi\u0107 (22) iz Kragujevca, druga pratilja je \u00a0Julija Krsmanovi\u0107 (18) iz \u010ca\u010dka. \u00a0Lentu mis fotogeni\u010dnosti ponela je Ana Markovi\u0107 (23) iz Smederevske Palanke, a mis \u0161arma je Mina Nitkovi\u0107 (17) iz Gornjeg Milanovca.<\/p>\n<div id='gallery-1' class='gallery galleryid-4256 gallery-columns-3 gallery-size-large'><figure class='gallery-item'>\n\t\t\t<div class='gallery-icon portrait'>\n\t\t\t\t<a href='https:\/\/centralmedia.rs\/index.php\/2016\/08\/15\/izbora-mis-u-paracinu-uzicanka-mis-centralne-srbije\/misice-3-paracin-g-j\/'><img loading=\"lazy\" decoding=\"async\" width=\"720\" height=\"960\" src=\"https:\/\/centralmedia.rs\/wp-content\/uploads\/2016\/08\/misice-3-paracin-g.j..jpg\" class=\"attachment-large size-large\" alt=\"\" srcset=\"https:\/\/centralmedia.rs\/wp-content\/uploads\/2016\/08\/misice-3-paracin-g.j..jpg 720w, https:\/\/centralmedia.rs\/wp-content\/uploads\/2016\/08\/misice-3-paracin-g.j.-225x300.jpg 225w\" sizes=\"(max-width: 720px) 100vw, 720px\" \/><\/a>\n\t\t\t<\/div><\/figure><figure class='gallery-item'>\n\t\t\t<div class='gallery-icon portrait'>\n\t\t\t\t<a href='https:\/\/centralmedia.rs\/index.php\/2016\/08\/15\/izbora-mis-u-paracinu-uzicanka-mis-centralne-srbije\/miss-paracin-g-j\/'><img loading=\"lazy\" decoding=\"async\" width=\"720\" height=\"960\" src=\"https:\/\/centralmedia.rs\/wp-content\/uploads\/2016\/08\/miss-paracin-g.j..jpg\" class=\"attachment-large size-large\" alt=\"\" srcset=\"https:\/\/centralmedia.rs\/wp-content\/uploads\/2016\/08\/miss-paracin-g.j..jpg 720w, https:\/\/centralmedia.rs\/wp-content\/uploads\/2016\/08\/miss-paracin-g.j.-225x300.jpg 225w\" sizes=\"(max-width: 720px) 100vw, 720px\" \/><\/a>\n\t\t\t<\/div><\/figure><figure class='gallery-item'>\n\t\t\t<div class='gallery-icon portrait'>\n\t\t\t\t<a href='https:\/\/centralmedia.rs\/index.php\/2016\/08\/15\/izbora-mis-u-paracinu-uzicanka-mis-centralne-srbije\/misice-2-paracin-g-j\/'><img loading=\"lazy\" decoding=\"async\" width=\"249\" height=\"395\" src=\"https:\/\/centralmedia.rs\/wp-content\/uploads\/2016\/08\/misice-2-paracin-g.j..jpg\" class=\"attachment-large size-large\" alt=\"\" srcset=\"https:\/\/centralmedia.rs\/wp-content\/uploads\/2016\/08\/misice-2-paracin-g.j..jpg 249w, https:\/\/centralmedia.rs\/wp-content\/uploads\/2016\/08\/misice-2-paracin-g.j.-189x300.jpg 189w\" sizes=\"(max-width: 249px) 100vw, 249px\" \/><\/a>\n\t\t\t<\/div><\/figure>\n\t\t<\/div>\n\n<p>&#8211; Presre\u0107na sam, nadala sam se da u\u0111em u top 5, ali ovo je za mene jedan od najsre\u0107nijih dana u \u017eivotu. Imala sam zaista \u00a0jaku konkurenciju i ose\u0107am se sjajno, izjavila je \u00a0Andjelija,najlep\u0161a devojka centralne Srbije, koja \u0107e se sa nekoliko devojaka sa ovog takmi\u010denja na\u0107i i u finalu izbora za mis Srbije,krajem oktobra u Beogradu.<\/p>\n<div id='gallery-2' class='gallery galleryid-4256 gallery-columns-2 gallery-size-large'><figure class='gallery-item'>\n\t\t\t<div class='gallery-icon landscape'>\n\t\t\t\t<a href='https:\/\/centralmedia.rs\/index.php\/2016\/08\/15\/izbora-mis-u-paracinu-uzicanka-mis-centralne-srbije\/misice-miss-paracin-g-j\/'><img loading=\"lazy\" decoding=\"async\" width=\"760\" height=\"570\" src=\"https:\/\/centralmedia.rs\/wp-content\/uploads\/2016\/08\/misice-miss-paracin-g.j.-1024x768.jpg\" class=\"attachment-large size-large\" alt=\"\" srcset=\"https:\/\/centralmedia.rs\/wp-content\/uploads\/2016\/08\/misice-miss-paracin-g.j.-1024x768.jpg 1024w, https:\/\/centralmedia.rs\/wp-content\/uploads\/2016\/08\/misice-miss-paracin-g.j.-300x225.jpg 300w, https:\/\/centralmedia.rs\/wp-content\/uploads\/2016\/08\/misice-miss-paracin-g.j.-768x576.jpg 768w, https:\/\/centralmedia.rs\/wp-content\/uploads\/2016\/08\/misice-miss-paracin-g.j.-80x60.jpg 80w, https:\/\/centralmedia.rs\/wp-content\/uploads\/2016\/08\/misice-miss-paracin-g.j.-265x198.jpg 265w, https:\/\/centralmedia.rs\/wp-content\/uploads\/2016\/08\/misice-miss-paracin-g.j..jpg 1280w\" sizes=\"(max-width: 760px) 100vw, 760px\" \/><\/a>\n\t\t\t<\/div><\/figure><figure class='gallery-item'>\n\t\t\t<div class='gallery-icon landscape'>\n\t\t\t\t<a href='https:\/\/centralmedia.rs\/index.php\/2016\/08\/15\/izbora-mis-u-paracinu-uzicanka-mis-centralne-srbije\/misice-miss-paracin-g-j-1\/'><img loading=\"lazy\" decoding=\"async\" width=\"760\" height=\"570\" src=\"https:\/\/centralmedia.rs\/wp-content\/uploads\/2016\/08\/misice-miss-paracin-g.j.-1-1024x768.jpg\" class=\"attachment-large size-large\" alt=\"\" srcset=\"https:\/\/centralmedia.rs\/wp-content\/uploads\/2016\/08\/misice-miss-paracin-g.j.-1-1024x768.jpg 1024w, https:\/\/centralmedia.rs\/wp-content\/uploads\/2016\/08\/misice-miss-paracin-g.j.-1-300x225.jpg 300w, https:\/\/centralmedia.rs\/wp-content\/uploads\/2016\/08\/misice-miss-paracin-g.j.-1-768x576.jpg 768w, https:\/\/centralmedia.rs\/wp-content\/uploads\/2016\/08\/misice-miss-paracin-g.j.-1-80x60.jpg 80w, https:\/\/centralmedia.rs\/wp-content\/uploads\/2016\/08\/misice-miss-paracin-g.j.-1-265x198.jpg 265w, https:\/\/centralmedia.rs\/wp-content\/uploads\/2016\/08\/misice-miss-paracin-g.j.-1.jpg 1280w\" sizes=\"(max-width: 760px) 100vw, 760px\" \/><\/a>\n\t\t\t<\/div><\/figure>\n\t\t<\/div>\n\n<p>Pre toga \u00a020 \u00a0najlep\u0161ih devojaka iz Srbije \u00a0ima\u0107e veoma ozbiljne pripreme, 3 nedelje boravi\u0107e i u poznatom gr\u010dkom letovali\u0161tu Porto Karas.\u00a0Veoma uspe\u0161an doma\u0107in ovog polufinala bio je hotel Petrus, jedan od najboljih i najekskluzivnijih hotela u centralnoj Srbiji.<a href=\"https:\/\/centralmedia.rs\/wp-content\/uploads\/2016\/08\/misice-paracin-g.j..jpg\"><img loading=\"lazy\" decoding=\"async\" class=\"alignnone size-full wp-image-4263\" src=\"https:\/\/centralmedia.rs\/wp-content\/uploads\/2016\/08\/misice-paracin-g.j..jpg\" alt=\"misice-paracin-g.j.\" width=\"960\" height=\"640\" srcset=\"https:\/\/centralmedia.rs\/wp-content\/uploads\/2016\/08\/misice-paracin-g.j..jpg 960w, https:\/\/centralmedia.rs\/wp-content\/uploads\/2016\/08\/misice-paracin-g.j.-300x200.jpg 300w, https:\/\/centralmedia.rs\/wp-content\/uploads\/2016\/08\/misice-paracin-g.j.-768x512.jpg 768w\" sizes=\"(max-width: 960px) 100vw, 960px\" \/><\/a><\/p>\n","protected":false},"excerpt":{"rendered":"<p>PARA\u0106IN-Na tradicionalnom izboru za mis centralne Srbije u para\u0107inskom hotelu Petrus, koji je ujedno i zvani\u010dno polufinale izbora za mis Srbije, u organizaciji Mis Ju &hellip; <\/p>\n","protected":false},"author":4,"featured_media":4257,"comment_status":"open","ping_status":"open","sticky":false,"template":"","format":"standard","meta":{"footnotes":""},"categories":[2,7,6],"tags":[1133,156,1134],"_links":{"self":[{"href":"https:\/\/centralmedia.rs\/index.php\/wp-json\/wp\/v2\/posts\/4256"}],"collection":[{"href":"https:\/\/centralmedia.rs\/index.php\/wp-json\/wp\/v2\/posts"}],"about":[{"href":"https:\/\/centralmedia.rs\/index.php\/wp-json\/wp\/v2\/types\/post"}],"author":[{"embeddable":true,"href":"https:\/\/centralmedia.rs\/index.php\/wp-json\/wp\/v2\/users\/4"}],"replies":[{"embeddable":true,"href":"https:\/\/centralmedia.rs\/index.php\/wp-json\/wp\/v2\/comments?post=4256"}],"version-history":[{"count":0,"href":"https:\/\/centralmedia.rs\/index.php\/wp-json\/wp\/v2\/posts\/4256\/revisions"}],"wp:featuredmedia":[{"embeddable":true,"href":"https:\/\/centralmedia.rs\/index.php\/wp-json\/wp\/v2\/media\/4257"}],"wp:attachment":[{"href":"https:\/\/centralmedia.rs\/index.php\/wp-json\/wp\/v2\/media?parent=4256"}],"wp:term":[{"taxonomy":"category","embeddable":true,"href":"https:\/\/centralmedia.rs\/index.php\/wp-json\/wp\/v2\/categories?post=4256"},{"taxonomy":"post_tag","embeddable":true,"href":"https:\/\/centralmedia.rs\/index.php\/wp-json\/wp\/v2\/tags?post=4256"}],"curies":[{"name":"wp","href":"https:\/\/api.w.org\/{rel}","templated":true}]}}