{"id":42592,"date":"2025-05-10T17:12:55","date_gmt":"2025-05-10T15:12:55","guid":{"rendered":"https:\/\/centralmedia.rs\/?p=42592"},"modified":"2025-05-10T17:12:56","modified_gmt":"2025-05-10T15:12:56","slug":"na-vidovdan-koncert-sase-matica-u-centru-paracina","status":"publish","type":"post","link":"https:\/\/centralmedia.rs\/index.php\/2025\/05\/10\/na-vidovdan-koncert-sase-matica-u-centru-paracina\/","title":{"rendered":"Na Vidovdan koncert Sa\u0161e Mati\u0107a u centru Para\u0107ina"},"content":{"rendered":"\n<p>Folk peva\u010d Sa\u0161a Mati\u0107 odr\u017ea\u0107e 28. juna, na Vidovdan koncert u centru Para\u0107ina.\u00a0<\/p>\n\n\n\n<figure class=\"wp-block-image size-large\"><img loading=\"lazy\" decoding=\"async\" width=\"724\" height=\"1024\" src=\"http:\/\/centralmedia.rs\/wp-content\/uploads\/2025\/05\/sasa-matic-724x1024.jpg\" alt=\"\" class=\"wp-image-42593\" srcset=\"https:\/\/centralmedia.rs\/wp-content\/uploads\/2025\/05\/sasa-matic-724x1024.jpg 724w, https:\/\/centralmedia.rs\/wp-content\/uploads\/2025\/05\/sasa-matic-212x300.jpg 212w, https:\/\/centralmedia.rs\/wp-content\/uploads\/2025\/05\/sasa-matic-768x1086.jpg 768w, https:\/\/centralmedia.rs\/wp-content\/uploads\/2025\/05\/sasa-matic-1086x1536.jpg 1086w, https:\/\/centralmedia.rs\/wp-content\/uploads\/2025\/05\/sasa-matic.jpg 1131w\" sizes=\"(max-width: 724px) 100vw, 724px\" \/><\/figure>\n\n\n\n<p> Organizator koncerta je Turisti\u010dka organizacija Para\u0107in, pod pokroviteljstvom Op\u0161tine. Po\u010detak koncerta zakazan je za 21 sat.<\/p>\n","protected":false},"excerpt":{"rendered":"<p>Folk peva\u010d Sa\u0161a Mati\u0107 odr\u017ea\u0107e 28. juna, na Vidovdan koncert u centru Para\u0107ina.\u00a0 Organizator koncerta je Turisti\u010dka organizacija Para\u0107in, pod pokroviteljstvom Op\u0161tine. Po\u010detak koncerta zakazan &hellip; <\/p>\n","protected":false},"author":2,"featured_media":42593,"comment_status":"closed","ping_status":"open","sticky":false,"template":"","format":"standard","meta":{"footnotes":""},"categories":[1524,2,23,1516,3055],"tags":[156,7002],"_links":{"self":[{"href":"https:\/\/centralmedia.rs\/index.php\/wp-json\/wp\/v2\/posts\/42592"}],"collection":[{"href":"https:\/\/centralmedia.rs\/index.php\/wp-json\/wp\/v2\/posts"}],"about":[{"href":"https:\/\/centralmedia.rs\/index.php\/wp-json\/wp\/v2\/types\/post"}],"author":[{"embeddable":true,"href":"https:\/\/centralmedia.rs\/index.php\/wp-json\/wp\/v2\/users\/2"}],"replies":[{"embeddable":true,"href":"https:\/\/centralmedia.rs\/index.php\/wp-json\/wp\/v2\/comments?post=42592"}],"version-history":[{"count":1,"href":"https:\/\/centralmedia.rs\/index.php\/wp-json\/wp\/v2\/posts\/42592\/revisions"}],"predecessor-version":[{"id":42594,"href":"https:\/\/centralmedia.rs\/index.php\/wp-json\/wp\/v2\/posts\/42592\/revisions\/42594"}],"wp:featuredmedia":[{"embeddable":true,"href":"https:\/\/centralmedia.rs\/index.php\/wp-json\/wp\/v2\/media\/42593"}],"wp:attachment":[{"href":"https:\/\/centralmedia.rs\/index.php\/wp-json\/wp\/v2\/media?parent=42592"}],"wp:term":[{"taxonomy":"category","embeddable":true,"href":"https:\/\/centralmedia.rs\/index.php\/wp-json\/wp\/v2\/categories?post=42592"},{"taxonomy":"post_tag","embeddable":true,"href":"https:\/\/centralmedia.rs\/index.php\/wp-json\/wp\/v2\/tags?post=42592"}],"curies":[{"name":"wp","href":"https:\/\/api.w.org\/{rel}","templated":true}]}}