{"id":42646,"date":"2025-05-13T08:31:23","date_gmt":"2025-05-13T06:31:23","guid":{"rendered":"https:\/\/centralmedia.rs\/?p=42646"},"modified":"2025-05-13T08:31:24","modified_gmt":"2025-05-13T06:31:24","slug":"uspeh-ucenika-i-nastavnika-muzicke-skole","status":"publish","type":"post","link":"https:\/\/centralmedia.rs\/index.php\/2025\/05\/13\/uspeh-ucenika-i-nastavnika-muzicke-skole\/","title":{"rendered":"USPEH U\u010cENIKA I NASTAVNIKA MUZI\u010cKE \u0160KOLE"},"content":{"rendered":"\n<p>Na 48. Me\u0111unarodnom susretu harmonika\u0161a u Puli, u\u010denici i orkestar Muzi\u010dke \u0161kole Vladimir \u0110or\u0111evi\u0107 zablistali su punim sjajem<\/p>\n\n\n\n<figure class=\"wp-block-gallery has-nested-images columns-default is-cropped wp-block-gallery-1 is-layout-flex wp-block-gallery-is-layout-flex\">\n<figure class=\"wp-block-image size-large\"><img loading=\"lazy\" decoding=\"async\" width=\"768\" height=\"1024\" data-id=\"42648\" src=\"https:\/\/centralmedia.rs\/wp-content\/uploads\/2025\/05\/muzicka-skola1-768x1024.jpg\" alt=\"\" class=\"wp-image-42648\" srcset=\"https:\/\/centralmedia.rs\/wp-content\/uploads\/2025\/05\/muzicka-skola1-768x1024.jpg 768w, https:\/\/centralmedia.rs\/wp-content\/uploads\/2025\/05\/muzicka-skola1-225x300.jpg 225w, https:\/\/centralmedia.rs\/wp-content\/uploads\/2025\/05\/muzicka-skola1-1152x1536.jpg 1152w, https:\/\/centralmedia.rs\/wp-content\/uploads\/2025\/05\/muzicka-skola1.jpg 1200w\" sizes=\"(max-width: 768px) 100vw, 768px\" \/><\/figure>\n\n\n\n<figure class=\"wp-block-image size-large\"><img loading=\"lazy\" decoding=\"async\" width=\"1024\" height=\"576\" data-id=\"42649\" src=\"https:\/\/centralmedia.rs\/wp-content\/uploads\/2025\/05\/muzicka-skola2-1024x576.jpg\" alt=\"\" class=\"wp-image-42649\" srcset=\"https:\/\/centralmedia.rs\/wp-content\/uploads\/2025\/05\/muzicka-skola2-1024x576.jpg 1024w, https:\/\/centralmedia.rs\/wp-content\/uploads\/2025\/05\/muzicka-skola2-300x169.jpg 300w, https:\/\/centralmedia.rs\/wp-content\/uploads\/2025\/05\/muzicka-skola2-768x432.jpg 768w, https:\/\/centralmedia.rs\/wp-content\/uploads\/2025\/05\/muzicka-skola2-1536x864.jpg 1536w, https:\/\/centralmedia.rs\/wp-content\/uploads\/2025\/05\/muzicka-skola2-820x460.jpg 820w, https:\/\/centralmedia.rs\/wp-content\/uploads\/2025\/05\/muzicka-skola2-1260x710.jpg 1260w, https:\/\/centralmedia.rs\/wp-content\/uploads\/2025\/05\/muzicka-skola2.jpg 1600w\" sizes=\"(max-width: 1024px) 100vw, 1024px\" \/><\/figure>\n\n\n\n<figure class=\"wp-block-image size-large\"><img loading=\"lazy\" decoding=\"async\" width=\"768\" height=\"1024\" data-id=\"42650\" src=\"https:\/\/centralmedia.rs\/wp-content\/uploads\/2025\/05\/muzicka-skola3-768x1024.jpg\" alt=\"\" class=\"wp-image-42650\" srcset=\"https:\/\/centralmedia.rs\/wp-content\/uploads\/2025\/05\/muzicka-skola3-768x1024.jpg 768w, https:\/\/centralmedia.rs\/wp-content\/uploads\/2025\/05\/muzicka-skola3-225x300.jpg 225w, https:\/\/centralmedia.rs\/wp-content\/uploads\/2025\/05\/muzicka-skola3-1152x1536.jpg 1152w, https:\/\/centralmedia.rs\/wp-content\/uploads\/2025\/05\/muzicka-skola3.jpg 1350w\" sizes=\"(max-width: 768px) 100vw, 768px\" \/><\/figure>\n\n\n\n<figure class=\"wp-block-image size-large\"><img loading=\"lazy\" decoding=\"async\" width=\"1024\" height=\"576\" data-id=\"42651\" src=\"https:\/\/centralmedia.rs\/wp-content\/uploads\/2025\/05\/muzicka-skola4-1024x576.jpg\" alt=\"\" class=\"wp-image-42651\" srcset=\"https:\/\/centralmedia.rs\/wp-content\/uploads\/2025\/05\/muzicka-skola4-1024x576.jpg 1024w, https:\/\/centralmedia.rs\/wp-content\/uploads\/2025\/05\/muzicka-skola4-300x169.jpg 300w, https:\/\/centralmedia.rs\/wp-content\/uploads\/2025\/05\/muzicka-skola4-768x432.jpg 768w, https:\/\/centralmedia.rs\/wp-content\/uploads\/2025\/05\/muzicka-skola4-1536x864.jpg 1536w, https:\/\/centralmedia.rs\/wp-content\/uploads\/2025\/05\/muzicka-skola4-820x460.jpg 820w, https:\/\/centralmedia.rs\/wp-content\/uploads\/2025\/05\/muzicka-skola4-1260x710.jpg 1260w, https:\/\/centralmedia.rs\/wp-content\/uploads\/2025\/05\/muzicka-skola4.jpg 1600w\" sizes=\"(max-width: 1024px) 100vw, 1024px\" \/><\/figure>\n<\/figure>\n\n\n\n<p>SOLISTI:<\/p>\n\n\n\n<p>&nbsp;Janko Vidanovi\u0107 \u2013 kategorija B2 \u2013 I nagrada, nastavnik Mladen Milo\u0161evi\u0107<\/p>\n\n\n\n<p>&nbsp;\u0110or\u0111e Mihailovi\u0107 \u2013 kategorija C1 \u2013 I\/2 nagrada, nastavnik Mladen Milo\u0161evi\u0107<\/p>\n\n\n\n<p>&nbsp;Lazar Jevti\u0107 \u2013 kategorija C1 \u2013 I nagrada, nastavnik Mladen Milo\u0161evi\u0107<\/p>\n\n\n\n<p>Veliki orkestar \u0161kole \u201eVladimir \u0110or\u0111evi\u0107\u201d pobednik je kategorije I i dobitnik Kupa grada Pule kao orkestar sa najve\u0107im brojem bodova u svim kategorijama orkestara, diregentkinja Gordana Gruji\u0107 Milovanovi\u0107.<\/p>\n","protected":false},"excerpt":{"rendered":"<p>Na 48. Me\u0111unarodnom susretu harmonika\u0161a u Puli, u\u010denici i orkestar Muzi\u010dke \u0161kole Vladimir \u0110or\u0111evi\u0107 zablistali su punim sjajem SOLISTI: &nbsp;Janko Vidanovi\u0107 \u2013 kategorija B2 \u2013 &hellip; <\/p>\n","protected":false},"author":2,"featured_media":42647,"comment_status":"closed","ping_status":"open","sticky":false,"template":"","format":"standard","meta":{"footnotes":""},"categories":[1524,2,1514,15,12],"tags":[58,7007],"_links":{"self":[{"href":"https:\/\/centralmedia.rs\/index.php\/wp-json\/wp\/v2\/posts\/42646"}],"collection":[{"href":"https:\/\/centralmedia.rs\/index.php\/wp-json\/wp\/v2\/posts"}],"about":[{"href":"https:\/\/centralmedia.rs\/index.php\/wp-json\/wp\/v2\/types\/post"}],"author":[{"embeddable":true,"href":"https:\/\/centralmedia.rs\/index.php\/wp-json\/wp\/v2\/users\/2"}],"replies":[{"embeddable":true,"href":"https:\/\/centralmedia.rs\/index.php\/wp-json\/wp\/v2\/comments?post=42646"}],"version-history":[{"count":1,"href":"https:\/\/centralmedia.rs\/index.php\/wp-json\/wp\/v2\/posts\/42646\/revisions"}],"predecessor-version":[{"id":42652,"href":"https:\/\/centralmedia.rs\/index.php\/wp-json\/wp\/v2\/posts\/42646\/revisions\/42652"}],"wp:featuredmedia":[{"embeddable":true,"href":"https:\/\/centralmedia.rs\/index.php\/wp-json\/wp\/v2\/media\/42647"}],"wp:attachment":[{"href":"https:\/\/centralmedia.rs\/index.php\/wp-json\/wp\/v2\/media?parent=42646"}],"wp:term":[{"taxonomy":"category","embeddable":true,"href":"https:\/\/centralmedia.rs\/index.php\/wp-json\/wp\/v2\/categories?post=42646"},{"taxonomy":"post_tag","embeddable":true,"href":"https:\/\/centralmedia.rs\/index.php\/wp-json\/wp\/v2\/tags?post=42646"}],"curies":[{"name":"wp","href":"https:\/\/api.w.org\/{rel}","templated":true}]}}