{"id":42654,"date":"2025-05-13T10:00:55","date_gmt":"2025-05-13T08:00:55","guid":{"rendered":"https:\/\/centralmedia.rs\/?p=42654"},"modified":"2025-05-13T10:00:55","modified_gmt":"2025-05-13T08:00:55","slug":"poseta-bibliotekara-iz-republike-srpske","status":"publish","type":"post","link":"https:\/\/centralmedia.rs\/index.php\/2025\/05\/13\/poseta-bibliotekara-iz-republike-srpske\/","title":{"rendered":"POSETA BIBLIOTEKARA IZ REPUBLIKE SRPSKE"},"content":{"rendered":"\n<p>Na zadovoljstvo jagodinskih bibliotekara, Narodnu biblioteku u Jagodini su nedavno nenajavljeno posetile kolege iz Narodne i univerzitetske biblioteke Republike Srpske. Vra\u0107aju\u0107i se sa Sajma knjiga u Solunu, banjalu\u010dki bibliotekari, na \u010delu sa direktorkom Narodne i univerzitetske biblioteke Republike Srpske Ljiljom Petrovi\u0107-Ze\u010di\u0107, kreativno su iskoristili pauzu u putovanju i obi\u0161li najstariju ustanovu kulture u Pomoravskom okrugu.<\/p>\n\n\n\n<p>U prijatnom dru\u017eenju sa kolegama, jagodinski bibliotekari su iskoristili priliku da svoje kolege upoznaju sa stru\u010dnim radom ustanove, a posebhu pa\u017enju gostiju iz Republike Srpske privukla je izlo\u017eba\u201eSveti Sava \u2013 \u017eivot i nasle\u0111e\u201c o kojoj su govorili autori izlo\u017ebe Vesna Crnkovi\u0107 i Mihajlo \u0160teti\u0107. Da podsetimo, ova izlo\u017eba je nedavno postavljena povodom Dana biblioteke i ve\u0107 su je videli mnogi Jagodinci.<\/p>\n","protected":false},"excerpt":{"rendered":"<p>Na zadovoljstvo jagodinskih bibliotekara, Narodnu biblioteku u Jagodini su nedavno nenajavljeno posetile kolege iz Narodne i univerzitetske biblioteke Republike Srpske. Vra\u0107aju\u0107i se sa Sajma knjiga &hellip; <\/p>\n","protected":false},"author":2,"featured_media":42655,"comment_status":"closed","ping_status":"open","sticky":false,"template":"","format":"standard","meta":{"footnotes":""},"categories":[1524,1514,15,12],"tags":[879,58],"_links":{"self":[{"href":"https:\/\/centralmedia.rs\/index.php\/wp-json\/wp\/v2\/posts\/42654"}],"collection":[{"href":"https:\/\/centralmedia.rs\/index.php\/wp-json\/wp\/v2\/posts"}],"about":[{"href":"https:\/\/centralmedia.rs\/index.php\/wp-json\/wp\/v2\/types\/post"}],"author":[{"embeddable":true,"href":"https:\/\/centralmedia.rs\/index.php\/wp-json\/wp\/v2\/users\/2"}],"replies":[{"embeddable":true,"href":"https:\/\/centralmedia.rs\/index.php\/wp-json\/wp\/v2\/comments?post=42654"}],"version-history":[{"count":1,"href":"https:\/\/centralmedia.rs\/index.php\/wp-json\/wp\/v2\/posts\/42654\/revisions"}],"predecessor-version":[{"id":42656,"href":"https:\/\/centralmedia.rs\/index.php\/wp-json\/wp\/v2\/posts\/42654\/revisions\/42656"}],"wp:featuredmedia":[{"embeddable":true,"href":"https:\/\/centralmedia.rs\/index.php\/wp-json\/wp\/v2\/media\/42655"}],"wp:attachment":[{"href":"https:\/\/centralmedia.rs\/index.php\/wp-json\/wp\/v2\/media?parent=42654"}],"wp:term":[{"taxonomy":"category","embeddable":true,"href":"https:\/\/centralmedia.rs\/index.php\/wp-json\/wp\/v2\/categories?post=42654"},{"taxonomy":"post_tag","embeddable":true,"href":"https:\/\/centralmedia.rs\/index.php\/wp-json\/wp\/v2\/tags?post=42654"}],"curies":[{"name":"wp","href":"https:\/\/api.w.org\/{rel}","templated":true}]}}