{"id":4266,"date":"2016-08-16T06:31:43","date_gmt":"2016-08-16T06:31:43","guid":{"rendered":"http:\/\/centralmedia.rs\/?p=4266"},"modified":"2016-08-16T06:31:43","modified_gmt":"2016-08-16T06:31:43","slug":"kud-kablovi-na-festivalu-u-italiji-jagodinci-predstavljali-srbiju-u-avijanu","status":"publish","type":"post","link":"https:\/\/centralmedia.rs\/index.php\/2016\/08\/16\/kud-kablovi-na-festivalu-u-italiji-jagodinci-predstavljali-srbiju-u-avijanu\/","title":{"rendered":"KUD KABLOVI NA FESTIVALU U ITALIJI &#8211; JAGODINCI PREDSTAVLJALI SRBIJU U AVIJANU"},"content":{"rendered":"<p>JAGODINA-\u010clanovi KUD Kablovi iz Jagodine posle festival u Ajanu, \u00a0desetodnevne turneje i nastupa u pet gradova Italije danas se vra\u0107aju se u Srbiju.<\/p>\n<div id='gallery-1' class='gallery galleryid-4266 gallery-columns-3 gallery-size-large'><figure class='gallery-item'>\n\t\t\t<div class='gallery-icon landscape'>\n\t\t\t\t<a href='https:\/\/centralmedia.rs\/index.php\/2016\/08\/16\/kud-kablovi-na-festivalu-u-italiji-jagodinci-predstavljali-srbiju-u-avijanu\/kud-kablovi-1-italia-g-j\/'><img loading=\"lazy\" decoding=\"async\" width=\"760\" height=\"570\" src=\"https:\/\/centralmedia.rs\/wp-content\/uploads\/2016\/08\/kud-kablovi-1-italia-g.j..jpg\" class=\"attachment-large size-large\" alt=\"\" srcset=\"https:\/\/centralmedia.rs\/wp-content\/uploads\/2016\/08\/kud-kablovi-1-italia-g.j..jpg 960w, https:\/\/centralmedia.rs\/wp-content\/uploads\/2016\/08\/kud-kablovi-1-italia-g.j.-300x225.jpg 300w, https:\/\/centralmedia.rs\/wp-content\/uploads\/2016\/08\/kud-kablovi-1-italia-g.j.-768x576.jpg 768w, https:\/\/centralmedia.rs\/wp-content\/uploads\/2016\/08\/kud-kablovi-1-italia-g.j.-80x60.jpg 80w, https:\/\/centralmedia.rs\/wp-content\/uploads\/2016\/08\/kud-kablovi-1-italia-g.j.-265x198.jpg 265w\" sizes=\"(max-width: 760px) 100vw, 760px\" \/><\/a>\n\t\t\t<\/div><\/figure><figure class='gallery-item'>\n\t\t\t<div class='gallery-icon landscape'>\n\t\t\t\t<a href='https:\/\/centralmedia.rs\/index.php\/2016\/08\/16\/kud-kablovi-na-festivalu-u-italiji-jagodinci-predstavljali-srbiju-u-avijanu\/kud-kablovi-2-italia-g-j\/'><img loading=\"lazy\" decoding=\"async\" width=\"760\" height=\"570\" src=\"https:\/\/centralmedia.rs\/wp-content\/uploads\/2016\/08\/kud-kablovi-2-italia-g.j..jpg\" class=\"attachment-large size-large\" alt=\"\" srcset=\"https:\/\/centralmedia.rs\/wp-content\/uploads\/2016\/08\/kud-kablovi-2-italia-g.j..jpg 960w, https:\/\/centralmedia.rs\/wp-content\/uploads\/2016\/08\/kud-kablovi-2-italia-g.j.-300x225.jpg 300w, https:\/\/centralmedia.rs\/wp-content\/uploads\/2016\/08\/kud-kablovi-2-italia-g.j.-768x576.jpg 768w, https:\/\/centralmedia.rs\/wp-content\/uploads\/2016\/08\/kud-kablovi-2-italia-g.j.-80x60.jpg 80w, https:\/\/centralmedia.rs\/wp-content\/uploads\/2016\/08\/kud-kablovi-2-italia-g.j.-265x198.jpg 265w\" sizes=\"(max-width: 760px) 100vw, 760px\" \/><\/a>\n\t\t\t<\/div><\/figure><figure class='gallery-item'>\n\t\t\t<div class='gallery-icon landscape'>\n\t\t\t\t<a href='https:\/\/centralmedia.rs\/index.php\/2016\/08\/16\/kud-kablovi-na-festivalu-u-italiji-jagodinci-predstavljali-srbiju-u-avijanu\/kud-kablovi-italia-g-j\/'><img loading=\"lazy\" decoding=\"async\" width=\"760\" height=\"570\" src=\"https:\/\/centralmedia.rs\/wp-content\/uploads\/2016\/08\/kud-kablovi-italia-g.j..jpg\" class=\"attachment-large size-large\" alt=\"\" srcset=\"https:\/\/centralmedia.rs\/wp-content\/uploads\/2016\/08\/kud-kablovi-italia-g.j..jpg 960w, https:\/\/centralmedia.rs\/wp-content\/uploads\/2016\/08\/kud-kablovi-italia-g.j.-300x225.jpg 300w, https:\/\/centralmedia.rs\/wp-content\/uploads\/2016\/08\/kud-kablovi-italia-g.j.-768x576.jpg 768w, https:\/\/centralmedia.rs\/wp-content\/uploads\/2016\/08\/kud-kablovi-italia-g.j.-80x60.jpg 80w, https:\/\/centralmedia.rs\/wp-content\/uploads\/2016\/08\/kud-kablovi-italia-g.j.-265x198.jpg 265w\" sizes=\"(max-width: 760px) 100vw, 760px\" \/><\/a>\n\t\t\t<\/div><\/figure>\n\t\t<\/div>\n\n<p>-Kao predstvnici Srbije nastupali smo na festival folklore \u00a0u Avijanu. Bili smo u grupi sa folklora\u0161ima iz Indonezije, Rusije, Rumunije, Meksika i Italije. Pored toga, imali smo nastupe u Pordenoneu, zimskom ski centru Pijenkavalu, na jezeru Barcis i u Udinama, ka\u017ee sekretar tog dru\u0161tva Vladica Duci\u0107.<\/p>\n<p>Jagodinski folklora\u0161i su imali svu pa\u017enju, kako doma\u0107ina iz Avijana, tako i mnogobrojne publike u svim mestima gde su nastupali. Zavr\u0161nice njihovih nastupa \u00a0pratile su gromoglasne ovacije i uzvici doma\u0107ina &#8220;bravo&#8221; i &#8220;bis&#8221;. Festival u Avijanu \u00a0bio je prilika za dru\u017eenju ansambala, jer su svi bili sme\u0161teni na jednom mestu. Doma\u0107ini su omogu\u0107ili gostima obilazak Venecije, a u ve\u010dernjim satima, posle koncerata organizovane su zabave za sve u\u010desnike festivala.<\/p>\n","protected":false},"excerpt":{"rendered":"<p>JAGODINA-\u010clanovi KUD Kablovi iz Jagodine posle festival u Ajanu, \u00a0desetodnevne turneje i nastupa u pet gradova Italije danas se vra\u0107aju se u Srbiju. -Kao predstvnici &hellip; <\/p>\n","protected":false},"author":4,"featured_media":4267,"comment_status":"open","ping_status":"open","sticky":false,"template":"","format":"standard","meta":{"footnotes":""},"categories":[2,15,12],"tags":[1135,1090,58,1089],"_links":{"self":[{"href":"https:\/\/centralmedia.rs\/index.php\/wp-json\/wp\/v2\/posts\/4266"}],"collection":[{"href":"https:\/\/centralmedia.rs\/index.php\/wp-json\/wp\/v2\/posts"}],"about":[{"href":"https:\/\/centralmedia.rs\/index.php\/wp-json\/wp\/v2\/types\/post"}],"author":[{"embeddable":true,"href":"https:\/\/centralmedia.rs\/index.php\/wp-json\/wp\/v2\/users\/4"}],"replies":[{"embeddable":true,"href":"https:\/\/centralmedia.rs\/index.php\/wp-json\/wp\/v2\/comments?post=4266"}],"version-history":[{"count":0,"href":"https:\/\/centralmedia.rs\/index.php\/wp-json\/wp\/v2\/posts\/4266\/revisions"}],"wp:featuredmedia":[{"embeddable":true,"href":"https:\/\/centralmedia.rs\/index.php\/wp-json\/wp\/v2\/media\/4267"}],"wp:attachment":[{"href":"https:\/\/centralmedia.rs\/index.php\/wp-json\/wp\/v2\/media?parent=4266"}],"wp:term":[{"taxonomy":"category","embeddable":true,"href":"https:\/\/centralmedia.rs\/index.php\/wp-json\/wp\/v2\/categories?post=4266"},{"taxonomy":"post_tag","embeddable":true,"href":"https:\/\/centralmedia.rs\/index.php\/wp-json\/wp\/v2\/tags?post=4266"}],"curies":[{"name":"wp","href":"https:\/\/api.w.org\/{rel}","templated":true}]}}