{"id":42663,"date":"2025-05-13T10:04:06","date_gmt":"2025-05-13T08:04:06","guid":{"rendered":"https:\/\/centralmedia.rs\/?p=42663"},"modified":"2025-05-13T10:04:06","modified_gmt":"2025-05-13T08:04:06","slug":"ucenici-posetili-izlozbu-o-svetom-savi","status":"publish","type":"post","link":"https:\/\/centralmedia.rs\/index.php\/2025\/05\/13\/ucenici-posetili-izlozbu-o-svetom-savi\/","title":{"rendered":"U\u010cENICI POSETILI IZLO\u017dBU O SVETOM SAVI"},"content":{"rendered":"\n<p>U\u010denici Osnovne \u0161kole \u201eBo\u0161ko \u0110uri\u010di\u0107\u201c iz Jagodine sa profesorkom knji\u017eevnosti Jelenom Jakovljevi\u0107 posetili su po\u010detkom nedelje izlo\u017ebu \u201eSveti Sava \u2013 \u017eivot i nasle\u0111e\u201c, koja je krajem pro\u0161log medseca otvorena povodom Dana biblioteke.<\/p>\n\n\n\n<p>Izlo\u017ebu, ali i temu izlo\u017ebe, \u017eivot i nasle\u0111e Svetog Save, na zanimljiv na\u010din su predstavili autori izlo\u017ebe, Vesna Crnkovi\u0107 i Mihajlo \u0160teti\u0107. Tako\u0111e, predstavljene su sve faze procesa nastanka izlo\u017ebe, sa posebnim osvrtom na dizajnerski deo posla, koji je slikovito opisao Mihajlo \u0160teti\u0107.<\/p>\n\n\n\n<p>Ove teme su izazvale veliko interesovanje u\u010denika, pa su autori sa velikim zadovoljstvom odgovarali na njihova pitanja.<\/p>\n","protected":false},"excerpt":{"rendered":"<p>U\u010denici Osnovne \u0161kole \u201eBo\u0161ko \u0110uri\u010di\u0107\u201c iz Jagodine sa profesorkom knji\u017eevnosti Jelenom Jakovljevi\u0107 posetili su po\u010detkom nedelje izlo\u017ebu \u201eSveti Sava \u2013 \u017eivot i nasle\u0111e\u201c, koja je &hellip; <\/p>\n","protected":false},"author":2,"featured_media":42664,"comment_status":"closed","ping_status":"open","sticky":false,"template":"","format":"standard","meta":{"footnotes":""},"categories":[1524,2,1514,15,12],"tags":[879,58],"_links":{"self":[{"href":"https:\/\/centralmedia.rs\/index.php\/wp-json\/wp\/v2\/posts\/42663"}],"collection":[{"href":"https:\/\/centralmedia.rs\/index.php\/wp-json\/wp\/v2\/posts"}],"about":[{"href":"https:\/\/centralmedia.rs\/index.php\/wp-json\/wp\/v2\/types\/post"}],"author":[{"embeddable":true,"href":"https:\/\/centralmedia.rs\/index.php\/wp-json\/wp\/v2\/users\/2"}],"replies":[{"embeddable":true,"href":"https:\/\/centralmedia.rs\/index.php\/wp-json\/wp\/v2\/comments?post=42663"}],"version-history":[{"count":1,"href":"https:\/\/centralmedia.rs\/index.php\/wp-json\/wp\/v2\/posts\/42663\/revisions"}],"predecessor-version":[{"id":42665,"href":"https:\/\/centralmedia.rs\/index.php\/wp-json\/wp\/v2\/posts\/42663\/revisions\/42665"}],"wp:featuredmedia":[{"embeddable":true,"href":"https:\/\/centralmedia.rs\/index.php\/wp-json\/wp\/v2\/media\/42664"}],"wp:attachment":[{"href":"https:\/\/centralmedia.rs\/index.php\/wp-json\/wp\/v2\/media?parent=42663"}],"wp:term":[{"taxonomy":"category","embeddable":true,"href":"https:\/\/centralmedia.rs\/index.php\/wp-json\/wp\/v2\/categories?post=42663"},{"taxonomy":"post_tag","embeddable":true,"href":"https:\/\/centralmedia.rs\/index.php\/wp-json\/wp\/v2\/tags?post=42663"}],"curies":[{"name":"wp","href":"https:\/\/api.w.org\/{rel}","templated":true}]}}