{"id":42682,"date":"2025-05-15T14:18:38","date_gmt":"2025-05-15T12:18:38","guid":{"rendered":"https:\/\/centralmedia.rs\/?p=42682"},"modified":"2025-05-15T14:18:43","modified_gmt":"2025-05-15T12:18:43","slug":"sindelicevi-dani-u-svilajncu","status":"publish","type":"post","link":"https:\/\/centralmedia.rs\/index.php\/2025\/05\/15\/sindelicevi-dani-u-svilajncu\/","title":{"rendered":"SIN\u0110ELI\u0106EVI DANI U SVILAJNCU"},"content":{"rendered":"\n<p>Tradicionalna manifestacija \u201eSin\u0111eli\u0107evi dani\u201c bi\u0107e odr\u017eana od 26. do 31. maja u organizaciji Centra za kulturu Svilajnac, pod pokroviteljstvom Op\u0161tine Svilajnac. Posve\u0107ena o\u010duvanju uspomene na vojvodu Stevana Sin\u0111eli\u0107a i promociji kulturnog nasle\u0111a resavskog kraja, manifestacija i ove godine donosi bogat i raznovrstan kulturno-umetni\u010dki program. Svi sadr\u017eaji tokom ove manifestacije su potpuno besplatani, obavezno je preuzimanje numerisanih ulaznica na blagajni Centra za kulturu.<\/p>\n\n\n\n<figure class=\"wp-block-gallery has-nested-images columns-default is-cropped wp-block-gallery-1 is-layout-flex wp-block-gallery-is-layout-flex\">\n<figure class=\"wp-block-image size-large\"><img loading=\"lazy\" decoding=\"async\" width=\"480\" height=\"600\" data-id=\"42684\" src=\"https:\/\/centralmedia.rs\/wp-content\/uploads\/2025\/05\/sindjelicevi-dani-1.jpg\" alt=\"\" class=\"wp-image-42684\" srcset=\"https:\/\/centralmedia.rs\/wp-content\/uploads\/2025\/05\/sindjelicevi-dani-1.jpg 480w, https:\/\/centralmedia.rs\/wp-content\/uploads\/2025\/05\/sindjelicevi-dani-1-240x300.jpg 240w\" sizes=\"(max-width: 480px) 100vw, 480px\" \/><\/figure>\n\n\n\n<figure class=\"wp-block-image size-large\"><img loading=\"lazy\" decoding=\"async\" width=\"819\" height=\"1024\" data-id=\"42688\" src=\"https:\/\/centralmedia.rs\/wp-content\/uploads\/2025\/05\/sindjelicevi-dani1-819x1024.jpg\" alt=\"\" class=\"wp-image-42688\" srcset=\"https:\/\/centralmedia.rs\/wp-content\/uploads\/2025\/05\/sindjelicevi-dani1-819x1024.jpg 819w, https:\/\/centralmedia.rs\/wp-content\/uploads\/2025\/05\/sindjelicevi-dani1-240x300.jpg 240w, https:\/\/centralmedia.rs\/wp-content\/uploads\/2025\/05\/sindjelicevi-dani1-768x960.jpg 768w, https:\/\/centralmedia.rs\/wp-content\/uploads\/2025\/05\/sindjelicevi-dani1-1229x1536.jpg 1229w, https:\/\/centralmedia.rs\/wp-content\/uploads\/2025\/05\/sindjelicevi-dani1.jpg 1638w\" sizes=\"(max-width: 819px) 100vw, 819px\" \/><\/figure>\n\n\n\n<figure class=\"wp-block-image size-large\"><img loading=\"lazy\" decoding=\"async\" width=\"819\" height=\"1024\" data-id=\"42689\" src=\"https:\/\/centralmedia.rs\/wp-content\/uploads\/2025\/05\/sindjelicevi-dani2-819x1024.jpg\" alt=\"\" class=\"wp-image-42689\" srcset=\"https:\/\/centralmedia.rs\/wp-content\/uploads\/2025\/05\/sindjelicevi-dani2-819x1024.jpg 819w, https:\/\/centralmedia.rs\/wp-content\/uploads\/2025\/05\/sindjelicevi-dani2-240x300.jpg 240w, https:\/\/centralmedia.rs\/wp-content\/uploads\/2025\/05\/sindjelicevi-dani2-768x960.jpg 768w, https:\/\/centralmedia.rs\/wp-content\/uploads\/2025\/05\/sindjelicevi-dani2-1229x1536.jpg 1229w, https:\/\/centralmedia.rs\/wp-content\/uploads\/2025\/05\/sindjelicevi-dani2.jpg 1638w\" sizes=\"(max-width: 819px) 100vw, 819px\" \/><\/figure>\n\n\n\n<figure class=\"wp-block-image size-large\"><img loading=\"lazy\" decoding=\"async\" width=\"819\" height=\"1024\" data-id=\"42685\" src=\"https:\/\/centralmedia.rs\/wp-content\/uploads\/2025\/05\/sindjelicevi-dani3-819x1024.jpg\" alt=\"\" class=\"wp-image-42685\" srcset=\"https:\/\/centralmedia.rs\/wp-content\/uploads\/2025\/05\/sindjelicevi-dani3-819x1024.jpg 819w, https:\/\/centralmedia.rs\/wp-content\/uploads\/2025\/05\/sindjelicevi-dani3-240x300.jpg 240w, https:\/\/centralmedia.rs\/wp-content\/uploads\/2025\/05\/sindjelicevi-dani3-768x960.jpg 768w, https:\/\/centralmedia.rs\/wp-content\/uploads\/2025\/05\/sindjelicevi-dani3-1229x1536.jpg 1229w, https:\/\/centralmedia.rs\/wp-content\/uploads\/2025\/05\/sindjelicevi-dani3.jpg 1638w\" sizes=\"(max-width: 819px) 100vw, 819px\" \/><\/figure>\n\n\n\n<figure class=\"wp-block-image size-large\"><img loading=\"lazy\" decoding=\"async\" width=\"819\" height=\"1024\" data-id=\"42686\" src=\"https:\/\/centralmedia.rs\/wp-content\/uploads\/2025\/05\/sindjelicevi-dani4-819x1024.jpg\" alt=\"\" class=\"wp-image-42686\" srcset=\"https:\/\/centralmedia.rs\/wp-content\/uploads\/2025\/05\/sindjelicevi-dani4-819x1024.jpg 819w, https:\/\/centralmedia.rs\/wp-content\/uploads\/2025\/05\/sindjelicevi-dani4-240x300.jpg 240w, https:\/\/centralmedia.rs\/wp-content\/uploads\/2025\/05\/sindjelicevi-dani4-768x960.jpg 768w, https:\/\/centralmedia.rs\/wp-content\/uploads\/2025\/05\/sindjelicevi-dani4-1229x1536.jpg 1229w, https:\/\/centralmedia.rs\/wp-content\/uploads\/2025\/05\/sindjelicevi-dani4.jpg 1638w\" sizes=\"(max-width: 819px) 100vw, 819px\" \/><\/figure>\n\n\n\n<figure class=\"wp-block-image size-large\"><img loading=\"lazy\" decoding=\"async\" width=\"820\" height=\"1024\" data-id=\"42687\" src=\"https:\/\/centralmedia.rs\/wp-content\/uploads\/2025\/05\/sindjelicevi-dani5-820x1024.jpg\" alt=\"\" class=\"wp-image-42687\" srcset=\"https:\/\/centralmedia.rs\/wp-content\/uploads\/2025\/05\/sindjelicevi-dani5-820x1024.jpg 820w, https:\/\/centralmedia.rs\/wp-content\/uploads\/2025\/05\/sindjelicevi-dani5-240x300.jpg 240w, https:\/\/centralmedia.rs\/wp-content\/uploads\/2025\/05\/sindjelicevi-dani5-768x960.jpg 768w, https:\/\/centralmedia.rs\/wp-content\/uploads\/2025\/05\/sindjelicevi-dani5-1229x1536.jpg 1229w, https:\/\/centralmedia.rs\/wp-content\/uploads\/2025\/05\/sindjelicevi-dani5.jpg 1639w\" sizes=\"(max-width: 820px) 100vw, 820px\" \/><\/figure>\n<\/figure>\n\n\n\n<p>PROGRAM MANIFESTACIJE:<\/p>\n\n\n\n<p>PONEDELjAK, 26. maj u 20:00<\/p>\n\n\n\n<p>&nbsp;Spomen-ku\u0107a Stevana Sin\u0111eli\u0107a, Grabovac. Sve\u010dano otvaranje manifestacije. Recital u\u010denika O\u0160 \u201eJovan Jovanovi\u0107 Zmaj\u201c \u2013 izdvojeno odeljenje Grabovac. Nastup etno grupe \u201eZlatnik\u201c i Jovane Zukanovi\u0107<\/p>\n\n\n\n<p>UTORAK, 27. maj u 20:00<\/p>\n\n\n\n<p>&nbsp;Centar za kulturu Svilajnac. Otvaranje izlo\u017ebe \u201eSvetlost \u017eivota\u201c. Autori: Tijana Stamenovi\u0107, Jelena i Dejan Nedeljkov.<\/p>\n\n\n\n<p>SREDA, 28. maj u 20:00<\/p>\n\n\n\n<p>&nbsp;Centar za kulturu Svilajnac. Koncert klasi\u010dne muzike. Beogradski oktet \u201eIskra\u201c \u2013 tradicionalna muzika u novim i izvornim aran\u017emanima.<\/p>\n\n\n\n<p>\u010cETVRTAK, 29. maj u 20:00<\/p>\n\n\n\n<p>Centar za kulturu Svilajnac. Duodrama \u201e\u010covjek visine\u201c \u2013 tekst: Ana \u0110or\u0111evi\u0107, re\u017eija: Jana Mari\u010di\u0107. Igraju: Neboj\u0161a Milovanovi\u0107 i Bojan \u017dirovi\u0107.<\/p>\n\n\n\n<p>PETAK, 30. maj u 20:00<\/p>\n\n\n\n<p>Dom kulture Vojska. Monodrama \u201eMilunka\u201c \u2013 svedo\u010denje o \u017eivotu heroine Milunke Savi\u0107. Igra: Vesna Stankovi\u0107, glumica Jugoslovenskog dramskog pozori\u0161ta.<\/p>\n\n\n\n<p>SUBOTA, 31. maj u 11:00<\/p>\n\n\n\n<p>Trg Stevana Sin\u0111eli\u0107a, Svilajnac. Sve\u010dano polaganje venaca Stevanu Sin\u0111eli\u0107u i resavskim junacima.<\/p>\n","protected":false},"excerpt":{"rendered":"<p>Tradicionalna manifestacija \u201eSin\u0111eli\u0107evi dani\u201c bi\u0107e odr\u017eana od 26. do 31. maja u organizaciji Centra za kulturu Svilajnac, pod pokroviteljstvom Op\u0161tine Svilajnac. Posve\u0107ena o\u010duvanju uspomene na &hellip; <\/p>\n","protected":false},"author":2,"featured_media":42683,"comment_status":"closed","ping_status":"open","sticky":false,"template":"","format":"standard","meta":{"footnotes":""},"categories":[1524,15,12,1517],"tags":[6544,38],"_links":{"self":[{"href":"https:\/\/centralmedia.rs\/index.php\/wp-json\/wp\/v2\/posts\/42682"}],"collection":[{"href":"https:\/\/centralmedia.rs\/index.php\/wp-json\/wp\/v2\/posts"}],"about":[{"href":"https:\/\/centralmedia.rs\/index.php\/wp-json\/wp\/v2\/types\/post"}],"author":[{"embeddable":true,"href":"https:\/\/centralmedia.rs\/index.php\/wp-json\/wp\/v2\/users\/2"}],"replies":[{"embeddable":true,"href":"https:\/\/centralmedia.rs\/index.php\/wp-json\/wp\/v2\/comments?post=42682"}],"version-history":[{"count":1,"href":"https:\/\/centralmedia.rs\/index.php\/wp-json\/wp\/v2\/posts\/42682\/revisions"}],"predecessor-version":[{"id":42690,"href":"https:\/\/centralmedia.rs\/index.php\/wp-json\/wp\/v2\/posts\/42682\/revisions\/42690"}],"wp:featuredmedia":[{"embeddable":true,"href":"https:\/\/centralmedia.rs\/index.php\/wp-json\/wp\/v2\/media\/42683"}],"wp:attachment":[{"href":"https:\/\/centralmedia.rs\/index.php\/wp-json\/wp\/v2\/media?parent=42682"}],"wp:term":[{"taxonomy":"category","embeddable":true,"href":"https:\/\/centralmedia.rs\/index.php\/wp-json\/wp\/v2\/categories?post=42682"},{"taxonomy":"post_tag","embeddable":true,"href":"https:\/\/centralmedia.rs\/index.php\/wp-json\/wp\/v2\/tags?post=42682"}],"curies":[{"name":"wp","href":"https:\/\/api.w.org\/{rel}","templated":true}]}}