{"id":42700,"date":"2025-05-15T14:24:02","date_gmt":"2025-05-15T12:24:02","guid":{"rendered":"https:\/\/centralmedia.rs\/?p=42700"},"modified":"2025-05-15T14:24:03","modified_gmt":"2025-05-15T12:24:03","slug":"inno-forum-pomoravlje-ideje-koje-pokrecu-pomoravlje","status":"publish","type":"post","link":"https:\/\/centralmedia.rs\/index.php\/2025\/05\/15\/inno-forum-pomoravlje-ideje-koje-pokrecu-pomoravlje\/","title":{"rendered":"INNO FORUM POMORAVLJE \u2013 Ideje koje pokre\u0107u Pomoravlje"},"content":{"rendered":"\n<p>&nbsp;Regionalni inovacioni startap centar Para\u0107in, uz podr\u0161ku Nau\u010dno-tehnolo\u0161kog parka Ni\u0161 i Ministarstva nauke, tehnolo\u0161kog razvoja i inovacija, organizuje 28. maja prvi Inovacioni forum Pomoravlja \u2013 doga\u0111aj koji ima za cilj da okupi klju\u010dne aktere inovacionog ekosistema centralne Srbije.<\/p>\n\n\n\n<p>Vi\u0161e tematskih panela sa vrhunskim govornicima iz sveta inovacija, startapa, obrazovanja i privrede.&nbsp;Inspirativna atmosfera i konkretni koraci ka ja\u010danju lokalne inovacione zajednice.<\/p>\n\n\n\n<p>&nbsp;Cilj Foruma je ja\u010danje veza izme\u0111u lokalnih samouprava, startapa, privrednih subjekata, obrazovnih i istra\u017eiva\u010dkih institucija, kao i organizacija koje pru\u017eaju podr\u0161ku inovacijama i preduzetni\u0161tvu.<\/p>\n\n\n\n<p>Ovaj doga\u0111aj je uvod u Forum naprednih tehnologija u Ni\u0161u koji \u0107e biti odr\u017ean 11. i 12. juna, \u010dime dodatno doprinosimo dijalogu i saradnji izme\u0111u regionalnih inicijativa i nacionalnih razvojnih politika u oblasti nauke i tehnologije.<br>RICS&nbsp;poziva sve koji \u017eele da doprinesu razvoju inovacija u Pomoravlju da se prijave i postanu deo ovog va\u017enog doga\u0111aja<\/p>\n\n\n\n<p>Za prijavu i vi\u0161e informacija:<br>risc.paracin@gmail.com<br>innoforumpomoravlje@gmail.com<br>035\/760-133&nbsp;<\/p>\n","protected":false},"excerpt":{"rendered":"<p>&nbsp;Regionalni inovacioni startap centar Para\u0107in, uz podr\u0161ku Nau\u010dno-tehnolo\u0161kog parka Ni\u0161 i Ministarstva nauke, tehnolo\u0161kog razvoja i inovacija, organizuje 28. maja prvi Inovacioni forum Pomoravlja \u2013 &hellip; <\/p>\n","protected":false},"author":2,"featured_media":42701,"comment_status":"closed","ping_status":"open","sticky":false,"template":"","format":"standard","meta":{"footnotes":""},"categories":[22,1524,1516,12],"tags":[156,6927],"_links":{"self":[{"href":"https:\/\/centralmedia.rs\/index.php\/wp-json\/wp\/v2\/posts\/42700"}],"collection":[{"href":"https:\/\/centralmedia.rs\/index.php\/wp-json\/wp\/v2\/posts"}],"about":[{"href":"https:\/\/centralmedia.rs\/index.php\/wp-json\/wp\/v2\/types\/post"}],"author":[{"embeddable":true,"href":"https:\/\/centralmedia.rs\/index.php\/wp-json\/wp\/v2\/users\/2"}],"replies":[{"embeddable":true,"href":"https:\/\/centralmedia.rs\/index.php\/wp-json\/wp\/v2\/comments?post=42700"}],"version-history":[{"count":1,"href":"https:\/\/centralmedia.rs\/index.php\/wp-json\/wp\/v2\/posts\/42700\/revisions"}],"predecessor-version":[{"id":42702,"href":"https:\/\/centralmedia.rs\/index.php\/wp-json\/wp\/v2\/posts\/42700\/revisions\/42702"}],"wp:featuredmedia":[{"embeddable":true,"href":"https:\/\/centralmedia.rs\/index.php\/wp-json\/wp\/v2\/media\/42701"}],"wp:attachment":[{"href":"https:\/\/centralmedia.rs\/index.php\/wp-json\/wp\/v2\/media?parent=42700"}],"wp:term":[{"taxonomy":"category","embeddable":true,"href":"https:\/\/centralmedia.rs\/index.php\/wp-json\/wp\/v2\/categories?post=42700"},{"taxonomy":"post_tag","embeddable":true,"href":"https:\/\/centralmedia.rs\/index.php\/wp-json\/wp\/v2\/tags?post=42700"}],"curies":[{"name":"wp","href":"https:\/\/api.w.org\/{rel}","templated":true}]}}