{"id":42718,"date":"2025-05-16T14:50:24","date_gmt":"2025-05-16T12:50:24","guid":{"rendered":"https:\/\/centralmedia.rs\/?p=42718"},"modified":"2025-05-16T14:50:24","modified_gmt":"2025-05-16T12:50:24","slug":"opstina-svilajnac-pokrece-inicijativu-za-izgradnju-spomenika-milosu-savcicu","status":"publish","type":"post","link":"https:\/\/centralmedia.rs\/index.php\/2025\/05\/16\/opstina-svilajnac-pokrece-inicijativu-za-izgradnju-spomenika-milosu-savcicu\/","title":{"rendered":"OP\u0160TINA SVILAJNAC POKRE\u0106E INICIJATIVU ZA IZGRADNjU SPOMENIKA MILO\u0160U SAV\u010cI\u0106U"},"content":{"rendered":"\n<p>Predsednik op\u0161tine Svilajnac Predrag Milanovi\u0107 podneo je inicijativu za izgradnju spomenika istaknutom srpskom privredniku, industrijalcu, graditelju, politi\u010daru i humanisti Milo\u0161u Sav\u010di\u0107u. Bio je srpski politi\u010dar, istaknuti gra\u0111evinski in\u017eenjer i preduzetnik. Sav\u010di\u0107 je bio ministar gra\u0111evine, gradona\u010delnik Beograda, savetnik, saradnik i rukovodilac brojnih privrednih institucija u Kraljevini Srbiji i Kraljevini Jugoslaviji<\/p>\n\n\n\n<figure class=\"wp-block-gallery has-nested-images columns-default is-cropped wp-block-gallery-1 is-layout-flex wp-block-gallery-is-layout-flex\">\n<figure class=\"wp-block-image size-large\"><img loading=\"lazy\" decoding=\"async\" width=\"991\" height=\"720\" data-id=\"42720\" src=\"https:\/\/centralmedia.rs\/wp-content\/uploads\/2025\/05\/savcic.jpg\" alt=\"\" class=\"wp-image-42720\" srcset=\"https:\/\/centralmedia.rs\/wp-content\/uploads\/2025\/05\/savcic.jpg 991w, https:\/\/centralmedia.rs\/wp-content\/uploads\/2025\/05\/savcic-300x218.jpg 300w, https:\/\/centralmedia.rs\/wp-content\/uploads\/2025\/05\/savcic-768x558.jpg 768w\" sizes=\"(max-width: 991px) 100vw, 991px\" \/><\/figure>\n\n\n\n<figure class=\"wp-block-image size-large\"><img loading=\"lazy\" decoding=\"async\" width=\"1023\" height=\"717\" data-id=\"42721\" src=\"https:\/\/centralmedia.rs\/wp-content\/uploads\/2025\/05\/savcic1.jpg\" alt=\"\" class=\"wp-image-42721\" srcset=\"https:\/\/centralmedia.rs\/wp-content\/uploads\/2025\/05\/savcic1.jpg 1023w, https:\/\/centralmedia.rs\/wp-content\/uploads\/2025\/05\/savcic1-300x210.jpg 300w, https:\/\/centralmedia.rs\/wp-content\/uploads\/2025\/05\/savcic1-768x538.jpg 768w\" sizes=\"(max-width: 1023px) 100vw, 1023px\" \/><\/figure>\n<\/figure>\n\n\n\n<p>Milo\u0161 Sav\u010di\u0107 jedan je od najistaknutijih i najpoznatijih Svilajn\u010dana u istoriji, koji je svoj doprinos i istorijski i kulturni trag ostavio i u celoj Srbiji, kao jedan od najzna\u010dajnijih nosilaca razvoja Srbije krajem 19. i po\u010detkom 20. veka.<\/p>\n\n\n\n<p>\u201eU \u010dast Milo\u0161a Sav\u010di\u0107a i svega \u0161to je uradio za razvoj \u010ditave Srbije pokrenuo sam inicijativu za izgradnju spomenika sa njegovim likom na platou koji se nalazi na raskrsnici ulica Aleja Zorana \u0110in\u0111i\u0107a i Svetog Save, pored zgrade po\u0161te. Spomenik posve\u0107en Milo\u0161u Sav\u010di\u0107u bi\u0107e prvi spomenik u Srbiji, posve\u0107en ovom velikom \u010doveku, ro\u0111enom Svilajn\u010daninu, prvom srpskom industrijalcu i pokreta\u010du srpske privrede i predstavlja\u0107e simbol jednog doba na\u0161e istorije.\u201c \u2013 objasnio je Milanovi\u0107.<\/p>\n\n\n\n<p>Kao istaknuti gra\u0111evinski in\u017eenjer Sav\u010di\u0107 je iza sebe ostavio brojne objekte i zdanja koji su i danas objekti od velike kulturno-istorijske, arhitektonske i urbanisti\u010dke vrednosti \u2013 Dom Vra\u010darske \u0161tedionice u ulici Kralja Milana, njegova ku\u0107a na Topli\u010dinom vencu, zgrada Prometne banke u Knez Mihajlovoj ulici koja je i spomenik kulture, samo su neke od njegovih zaostav\u0161tina.<\/p>\n\n\n\n<p>&nbsp;Izuzetan doprinos dao je industrijalizaciji Srbije, kao u\u010desnik u izgradnji prve klanice, prve velike strugare, u modernizaciji Ribarske banje i mnogim drugim privredno-dru\u0161tvenim projektima.<\/p>\n\n\n\n<p>Prepoznat kao vrstan stru\u010dnjak, cenjeni poslovni i bankarski \u010dovek, po\u010deo je da se bavi i politikom, pa je bio narodni poslanik, a i ministar gra\u0111evinarstva, gde se posebno istakao u izgradnji saobra\u0107aja, puteva i mostova.<\/p>\n\n\n\n<p>Posebno mesto u istoriji zauzima kao gradona\u010delnik Beograda. U te\u017enji da Beograd pribli\u017ei savremenim evropskim gradovima, donesen je novi statut Beograda kojim je postignut efikasniji rad reorganizovanjem op\u0161tinskih slu\u017ebi. Izgradio je vodovod i kanalizaciju u Beogradu. Radio je i na ve\u0107 zapo\u010detom modernom kaldrmisanju Beograda. Zapo\u010deo je&nbsp; i izgradnju Gradske bolnice u Beogradu. Podignuta je i nova, moderna Osnovna \u0161kola \u201eKralj Aleksandar I\u201d u De\u010danskoj ulici. Na mestu gradona\u010delnika doprineo je materijalnom, privrednom i op\u0161teduhovnom napretku stanovnika Beograda.<\/p>\n\n\n\n<p>Nakon smrti, svoju vrednu imovinu, tri hektara zemlje i udeo u dve vodenice, testamentom je&nbsp; zave\u0161tao pravoslavnoj crkvi Svetog Nikole u Svilajncu, \u010diji je bio jedan od najve\u0107ih donatora. Devedesetih godina 20. veka, pokrenuta je korenita reafirmacija njegove li\u010dnosti. Jedna ulica na op\u0161tini Savski venac je 2004. godine po njemu dobila ime. Tako\u0111e, poma\u017eu\u0107i oporavku Srbije nakon Prvog svetskog rata, poma\u017eu\u0107i siroma\u0161ne, humane i kulturne ustanove, ostavio je dubok trag u srpskoj sredini.<\/p>\n","protected":false},"excerpt":{"rendered":"<p>Predsednik op\u0161tine Svilajnac Predrag Milanovi\u0107 podneo je inicijativu za izgradnju spomenika istaknutom srpskom privredniku, industrijalcu, graditelju, politi\u010daru i humanisti Milo\u0161u Sav\u010di\u0107u. Bio je srpski politi\u010dar, &hellip; <\/p>\n","protected":false},"author":2,"featured_media":42719,"comment_status":"closed","ping_status":"open","sticky":false,"template":"","format":"standard","meta":{"footnotes":""},"categories":[1524,2,13,12,1517],"tags":[7009,932],"_links":{"self":[{"href":"https:\/\/centralmedia.rs\/index.php\/wp-json\/wp\/v2\/posts\/42718"}],"collection":[{"href":"https:\/\/centralmedia.rs\/index.php\/wp-json\/wp\/v2\/posts"}],"about":[{"href":"https:\/\/centralmedia.rs\/index.php\/wp-json\/wp\/v2\/types\/post"}],"author":[{"embeddable":true,"href":"https:\/\/centralmedia.rs\/index.php\/wp-json\/wp\/v2\/users\/2"}],"replies":[{"embeddable":true,"href":"https:\/\/centralmedia.rs\/index.php\/wp-json\/wp\/v2\/comments?post=42718"}],"version-history":[{"count":1,"href":"https:\/\/centralmedia.rs\/index.php\/wp-json\/wp\/v2\/posts\/42718\/revisions"}],"predecessor-version":[{"id":42722,"href":"https:\/\/centralmedia.rs\/index.php\/wp-json\/wp\/v2\/posts\/42718\/revisions\/42722"}],"wp:featuredmedia":[{"embeddable":true,"href":"https:\/\/centralmedia.rs\/index.php\/wp-json\/wp\/v2\/media\/42719"}],"wp:attachment":[{"href":"https:\/\/centralmedia.rs\/index.php\/wp-json\/wp\/v2\/media?parent=42718"}],"wp:term":[{"taxonomy":"category","embeddable":true,"href":"https:\/\/centralmedia.rs\/index.php\/wp-json\/wp\/v2\/categories?post=42718"},{"taxonomy":"post_tag","embeddable":true,"href":"https:\/\/centralmedia.rs\/index.php\/wp-json\/wp\/v2\/tags?post=42718"}],"curies":[{"name":"wp","href":"https:\/\/api.w.org\/{rel}","templated":true}]}}