{"id":42740,"date":"2025-05-16T11:00:40","date_gmt":"2025-05-16T09:00:40","guid":{"rendered":"https:\/\/centralmedia.rs\/?p=42740"},"modified":"2025-05-20T11:02:35","modified_gmt":"2025-05-20T09:02:35","slug":"10-000-posetilac-u-proteklih-godinu-dana-upravo-je-posetio-zavicajni-muzej-u-jagodini","status":"publish","type":"post","link":"https:\/\/centralmedia.rs\/index.php\/2025\/05\/16\/10-000-posetilac-u-proteklih-godinu-dana-upravo-je-posetio-zavicajni-muzej-u-jagodini\/","title":{"rendered":"10.000. POSETILAC U PROTEKLIH GODINU DANA UPRAVO JE POSETIO ZAVI\u010cAJNI MUZEJ U JAGODINI"},"content":{"rendered":"\n<p>U okviru manifestacije &#8220;No\u0107 muzeja&#8221; danas su vrata Zavi\u010dajnog muzeja u Jagodini bila otvorena tokom celog dana pa sve do pono\u0107i. Ono \u0161to je bitno napomenuti to je da je muzej danas posetio veliki broj na\u0161ih sugra\u0111ana ali i turista iz svih krajeva Srbije.<\/p>\n\n\n\n<figure class=\"wp-block-image size-large\"><img loading=\"lazy\" decoding=\"async\" width=\"820\" height=\"1024\" src=\"https:\/\/centralmedia.rs\/wp-content\/uploads\/2025\/05\/noc-muzeja-820x1024.jpg\" alt=\"\" class=\"wp-image-42742\" srcset=\"https:\/\/centralmedia.rs\/wp-content\/uploads\/2025\/05\/noc-muzeja-820x1024.jpg 820w, https:\/\/centralmedia.rs\/wp-content\/uploads\/2025\/05\/noc-muzeja-240x300.jpg 240w, https:\/\/centralmedia.rs\/wp-content\/uploads\/2025\/05\/noc-muzeja-768x959.jpg 768w, https:\/\/centralmedia.rs\/wp-content\/uploads\/2025\/05\/noc-muzeja-1229x1536.jpg 1229w, https:\/\/centralmedia.rs\/wp-content\/uploads\/2025\/05\/noc-muzeja.jpg 1440w\" sizes=\"(max-width: 820px) 100vw, 820px\" \/><\/figure>\n\n\n\n<p>-A ono \u010dime se najvi\u0161e ponosimo to je da smo doma\u0107inski do\u010dekali i ugostili i 10.000. posetioca, ovom prilikom \u010destitamo Luki koji je pored vau\u010dera dobio i odabrana izdanja na\u0161e ustanove u vrednosti od 10.000 dinara i godi\u0161nju propusnicu.<\/p>\n\n\n\n<p>Da smo jedan od najpose\u0107enijih muzeja u Srbiji u proteklih godinu dana govori i potvr\u0111uje i ovaj 10.000. posetilac.<\/p>\n\n\n\n<p>Nastavljamo dalje i uskoro o\u010dekujte mnogo interesantnih iznena\u0111enja, saop\u0161tavaju iz tog muzeja.<\/p>\n","protected":false},"excerpt":{"rendered":"<p>U okviru manifestacije &#8220;No\u0107 muzeja&#8221; danas su vrata Zavi\u010dajnog muzeja u Jagodini bila otvorena tokom celog dana pa sve do pono\u0107i. Ono \u0161to je bitno &hellip; <\/p>\n","protected":false},"author":2,"featured_media":42741,"comment_status":"closed","ping_status":"open","sticky":false,"template":"","format":"standard","meta":{"footnotes":""},"categories":[1524,2,1514,15,12],"tags":[58,1929],"_links":{"self":[{"href":"https:\/\/centralmedia.rs\/index.php\/wp-json\/wp\/v2\/posts\/42740"}],"collection":[{"href":"https:\/\/centralmedia.rs\/index.php\/wp-json\/wp\/v2\/posts"}],"about":[{"href":"https:\/\/centralmedia.rs\/index.php\/wp-json\/wp\/v2\/types\/post"}],"author":[{"embeddable":true,"href":"https:\/\/centralmedia.rs\/index.php\/wp-json\/wp\/v2\/users\/2"}],"replies":[{"embeddable":true,"href":"https:\/\/centralmedia.rs\/index.php\/wp-json\/wp\/v2\/comments?post=42740"}],"version-history":[{"count":1,"href":"https:\/\/centralmedia.rs\/index.php\/wp-json\/wp\/v2\/posts\/42740\/revisions"}],"predecessor-version":[{"id":42743,"href":"https:\/\/centralmedia.rs\/index.php\/wp-json\/wp\/v2\/posts\/42740\/revisions\/42743"}],"wp:featuredmedia":[{"embeddable":true,"href":"https:\/\/centralmedia.rs\/index.php\/wp-json\/wp\/v2\/media\/42741"}],"wp:attachment":[{"href":"https:\/\/centralmedia.rs\/index.php\/wp-json\/wp\/v2\/media?parent=42740"}],"wp:term":[{"taxonomy":"category","embeddable":true,"href":"https:\/\/centralmedia.rs\/index.php\/wp-json\/wp\/v2\/categories?post=42740"},{"taxonomy":"post_tag","embeddable":true,"href":"https:\/\/centralmedia.rs\/index.php\/wp-json\/wp\/v2\/tags?post=42740"}],"curies":[{"name":"wp","href":"https:\/\/api.w.org\/{rel}","templated":true}]}}