{"id":42764,"date":"2024-09-22T16:20:36","date_gmt":"2024-09-22T14:20:36","guid":{"rendered":"https:\/\/centralmedia.rs\/?p=42764"},"modified":"2025-05-22T16:21:00","modified_gmt":"2025-05-22T14:21:00","slug":"zlata-bojovic-povratak-nacionalnog-identiteta-u-narod","status":"publish","type":"post","link":"https:\/\/centralmedia.rs\/index.php\/2024\/09\/22\/zlata-bojovic-povratak-nacionalnog-identiteta-u-narod\/","title":{"rendered":"ZLATA BOJOVI\u0106: POVRATAK NACIONALNOG IDENTITETA U NAROD"},"content":{"rendered":"\n<p>\u0410kademik Zlata Bojovi\u0107 predsednik Programskog saveta Nau\u010dnog skupa ,,Srednji vek u srpskoj nauci, istoriji, knji\u017eevnosti i umetnosti XV\u201d&nbsp; isti\u010de da je Despotovac centar prou\u010davanja srpskog srednjeg veka.<\/p>\n\n\n\n<figure class=\"wp-block-gallery has-nested-images columns-default is-cropped wp-block-gallery-1 is-layout-flex wp-block-gallery-is-layout-flex\">\n<figure class=\"wp-block-image size-large\"><img loading=\"lazy\" decoding=\"async\" width=\"1024\" height=\"498\" data-id=\"42769\" src=\"https:\/\/centralmedia.rs\/wp-content\/uploads\/2025\/05\/20240821_130910-1024x498.jpg\" alt=\"\" class=\"wp-image-42769\" srcset=\"https:\/\/centralmedia.rs\/wp-content\/uploads\/2025\/05\/20240821_130910-1024x498.jpg 1024w, https:\/\/centralmedia.rs\/wp-content\/uploads\/2025\/05\/20240821_130910-300x146.jpg 300w, https:\/\/centralmedia.rs\/wp-content\/uploads\/2025\/05\/20240821_130910-768x373.jpg 768w, https:\/\/centralmedia.rs\/wp-content\/uploads\/2025\/05\/20240821_130910-1536x747.jpg 1536w, https:\/\/centralmedia.rs\/wp-content\/uploads\/2025\/05\/20240821_130910-2048x996.jpg 2048w\" sizes=\"(max-width: 1024px) 100vw, 1024px\" \/><\/figure>\n\n\n\n<figure class=\"wp-block-image size-large\"><img loading=\"lazy\" decoding=\"async\" width=\"1024\" height=\"498\" data-id=\"42768\" src=\"https:\/\/centralmedia.rs\/wp-content\/uploads\/2025\/05\/20240821_131306-1024x498.jpg\" alt=\"\" class=\"wp-image-42768\" srcset=\"https:\/\/centralmedia.rs\/wp-content\/uploads\/2025\/05\/20240821_131306-1024x498.jpg 1024w, https:\/\/centralmedia.rs\/wp-content\/uploads\/2025\/05\/20240821_131306-300x146.jpg 300w, https:\/\/centralmedia.rs\/wp-content\/uploads\/2025\/05\/20240821_131306-768x373.jpg 768w, https:\/\/centralmedia.rs\/wp-content\/uploads\/2025\/05\/20240821_131306-1536x747.jpg 1536w, https:\/\/centralmedia.rs\/wp-content\/uploads\/2025\/05\/20240821_131306-2048x996.jpg 2048w\" sizes=\"(max-width: 1024px) 100vw, 1024px\" \/><\/figure>\n\n\n\n<figure class=\"wp-block-image size-large\"><img loading=\"lazy\" decoding=\"async\" width=\"498\" height=\"1024\" data-id=\"42767\" src=\"https:\/\/centralmedia.rs\/wp-content\/uploads\/2025\/05\/20240821_131504-498x1024.jpg\" alt=\"\" class=\"wp-image-42767\" srcset=\"https:\/\/centralmedia.rs\/wp-content\/uploads\/2025\/05\/20240821_131504-498x1024.jpg 498w, https:\/\/centralmedia.rs\/wp-content\/uploads\/2025\/05\/20240821_131504-146x300.jpg 146w, https:\/\/centralmedia.rs\/wp-content\/uploads\/2025\/05\/20240821_131504-768x1580.jpg 768w, https:\/\/centralmedia.rs\/wp-content\/uploads\/2025\/05\/20240821_131504-747x1536.jpg 747w, https:\/\/centralmedia.rs\/wp-content\/uploads\/2025\/05\/20240821_131504-996x2048.jpg 996w, https:\/\/centralmedia.rs\/wp-content\/uploads\/2025\/05\/20240821_131504-scaled.jpg 1244w\" sizes=\"(max-width: 498px) 100vw, 498px\" \/><\/figure>\n\n\n\n<figure class=\"wp-block-image size-large\"><img loading=\"lazy\" decoding=\"async\" width=\"498\" height=\"1024\" data-id=\"42770\" src=\"https:\/\/centralmedia.rs\/wp-content\/uploads\/2025\/05\/20240821_131533-498x1024.jpg\" alt=\"\" class=\"wp-image-42770\" srcset=\"https:\/\/centralmedia.rs\/wp-content\/uploads\/2025\/05\/20240821_131533-498x1024.jpg 498w, https:\/\/centralmedia.rs\/wp-content\/uploads\/2025\/05\/20240821_131533-146x300.jpg 146w, https:\/\/centralmedia.rs\/wp-content\/uploads\/2025\/05\/20240821_131533-768x1580.jpg 768w, https:\/\/centralmedia.rs\/wp-content\/uploads\/2025\/05\/20240821_131533-747x1536.jpg 747w, https:\/\/centralmedia.rs\/wp-content\/uploads\/2025\/05\/20240821_131533-996x2048.jpg 996w, https:\/\/centralmedia.rs\/wp-content\/uploads\/2025\/05\/20240821_131533-scaled.jpg 1244w\" sizes=\"(max-width: 498px) 100vw, 498px\" \/><\/figure>\n<\/figure>\n\n\n\n<figure class=\"wp-block-image size-large\"><img loading=\"lazy\" decoding=\"async\" width=\"498\" height=\"1024\" src=\"https:\/\/centralmedia.rs\/wp-content\/uploads\/2025\/05\/20240820_175758-1-498x1024.jpg\" alt=\"\" class=\"wp-image-42771\" srcset=\"https:\/\/centralmedia.rs\/wp-content\/uploads\/2025\/05\/20240820_175758-1-498x1024.jpg 498w, https:\/\/centralmedia.rs\/wp-content\/uploads\/2025\/05\/20240820_175758-1-146x300.jpg 146w, https:\/\/centralmedia.rs\/wp-content\/uploads\/2025\/05\/20240820_175758-1-768x1580.jpg 768w, https:\/\/centralmedia.rs\/wp-content\/uploads\/2025\/05\/20240820_175758-1-747x1536.jpg 747w, https:\/\/centralmedia.rs\/wp-content\/uploads\/2025\/05\/20240820_175758-1-996x2048.jpg 996w, https:\/\/centralmedia.rs\/wp-content\/uploads\/2025\/05\/20240820_175758-1-scaled.jpg 1244w\" sizes=\"(max-width: 498px) 100vw, 498px\" \/><\/figure>\n\n\n\n<p>-U protekle tri,\u010detiri decenije srpski identitet se vra\u0107a u &nbsp;narod. Nije narod izgubio se\u0107aj za vrednosti identiteta, ali bili su takvi istorijski tokovi koji su doveli do zbunjenosti iz raznih&nbsp; razloga. Ponovo mo\u017eemo da budemo svoj na svome. Postoji nekoliko vrlo bitnih centara \u017di\u010da, Ra\u0161ka, Despotovac.. negde se oni utrkuju za prvenstvo, svi traju podjednako. Despotovac je to najozbiljnije shvatio, jer je jedini odmah to preneo na visoki nau\u010dni nivo. Ne ka\u017eem da je neophodna nauka, ali je nekako sve to organizovanije kada imate nauku kao podlogu u pozadini. U po\u010detku su skupovi bili vezani za Despota i njegovo vreme, jer da nije njega ne bi ni bilo ovoga, a onda smo se dosetili i to prebacili na srednji vek. Polako od Despotovca stvarati centar za srednji vek.&nbsp; Mi nemamo ni institut za srednji vek, ni jednu instituciju, a to je jedna od najva\u017enijih informacija o na\u0161oj istoriji koju smo stvorili kao narod, kroz duhovnost, na\u0161e postojanje, prvo obele\u017eje na\u0161 jezik, knji\u017eevnost. Preko toga se razvija patriotizam, rodoljublje, moral u svakom pogledu. Dakle da usmerimo sve u sredi\u0161nju ta\u010dku na\u0161e pro\u0161losti, u\u010dinili smo time da vratimo srednji vek kroz sve teme. U 15 knjiga sa po 15 do 20 radova, to je ve\u0107 jedna biblioteka sa temama o srednjem veku. Desetine jedinica bibliografskih o srednjem veku, sve to ulazi u informatiku. U tom smislu ne treba ovde institucija, ali potreban je informati\u010dki centar koji \u0107e \u0161to vi\u0161e u sebe da skoncentri\u0161e srednji vek. Sve kolege se raduju&nbsp; da iska\u017eu ono novo \u0161to su prona\u0161li. Ni jedno izlagnje nije bilo prepri\u010davanje onoga \u0161to je bilo, dakle ovo je jedan po jedan kami\u010dak koji se sla\u017ee u celinu, ka\u017ee Zlata Bojovi\u0107&nbsp; &nbsp;<\/p>\n","protected":false},"excerpt":{"rendered":"<p>\u0410kademik Zlata Bojovi\u0107 predsednik Programskog saveta Nau\u010dnog skupa ,,Srednji vek u srpskoj nauci, istoriji, knji\u017eevnosti i umetnosti XV\u201d&nbsp; isti\u010de da je Despotovac centar prou\u010davanja srpskog &hellip; <\/p>\n","protected":false},"author":2,"featured_media":42765,"comment_status":"closed","ping_status":"open","sticky":false,"template":"","format":"standard","meta":{"footnotes":""},"categories":[1518,1524,2,15,12],"tags":[51,7014],"_links":{"self":[{"href":"https:\/\/centralmedia.rs\/index.php\/wp-json\/wp\/v2\/posts\/42764"}],"collection":[{"href":"https:\/\/centralmedia.rs\/index.php\/wp-json\/wp\/v2\/posts"}],"about":[{"href":"https:\/\/centralmedia.rs\/index.php\/wp-json\/wp\/v2\/types\/post"}],"author":[{"embeddable":true,"href":"https:\/\/centralmedia.rs\/index.php\/wp-json\/wp\/v2\/users\/2"}],"replies":[{"embeddable":true,"href":"https:\/\/centralmedia.rs\/index.php\/wp-json\/wp\/v2\/comments?post=42764"}],"version-history":[{"count":1,"href":"https:\/\/centralmedia.rs\/index.php\/wp-json\/wp\/v2\/posts\/42764\/revisions"}],"predecessor-version":[{"id":42772,"href":"https:\/\/centralmedia.rs\/index.php\/wp-json\/wp\/v2\/posts\/42764\/revisions\/42772"}],"wp:featuredmedia":[{"embeddable":true,"href":"https:\/\/centralmedia.rs\/index.php\/wp-json\/wp\/v2\/media\/42765"}],"wp:attachment":[{"href":"https:\/\/centralmedia.rs\/index.php\/wp-json\/wp\/v2\/media?parent=42764"}],"wp:term":[{"taxonomy":"category","embeddable":true,"href":"https:\/\/centralmedia.rs\/index.php\/wp-json\/wp\/v2\/categories?post=42764"},{"taxonomy":"post_tag","embeddable":true,"href":"https:\/\/centralmedia.rs\/index.php\/wp-json\/wp\/v2\/tags?post=42764"}],"curies":[{"name":"wp","href":"https:\/\/api.w.org\/{rel}","templated":true}]}}