{"id":42829,"date":"2025-04-12T16:52:33","date_gmt":"2025-04-12T14:52:33","guid":{"rendered":"https:\/\/centralmedia.rs\/?p=42829"},"modified":"2025-05-22T16:52:59","modified_gmt":"2025-05-22T14:52:59","slug":"despotovac-epicentar-predrenesansne-kulture-evrope","status":"publish","type":"post","link":"https:\/\/centralmedia.rs\/index.php\/2025\/04\/12\/despotovac-epicentar-predrenesansne-kulture-evrope\/","title":{"rendered":"DESPOTOVAC EPICENTAR PREDRENESANSNE KULTURE EVROPE"},"content":{"rendered":"\n<p>Profesor U\u010diteljskog fakulteta u Beogradu Predrag Milosavljevi\u0107 isti\u010de da je osnivanje Instituta za srednji vek krajnji cilj.<\/p>\n\n\n\n<figure class=\"wp-block-gallery has-nested-images columns-default is-cropped wp-block-gallery-1 is-layout-flex wp-block-gallery-is-layout-flex\">\n<figure class=\"wp-block-image size-large\"><img loading=\"lazy\" decoding=\"async\" width=\"498\" height=\"1024\" data-id=\"42831\" src=\"https:\/\/centralmedia.rs\/wp-content\/uploads\/2025\/05\/20240821_095148-498x1024.jpg\" alt=\"\" class=\"wp-image-42831\" srcset=\"https:\/\/centralmedia.rs\/wp-content\/uploads\/2025\/05\/20240821_095148-498x1024.jpg 498w, https:\/\/centralmedia.rs\/wp-content\/uploads\/2025\/05\/20240821_095148-146x300.jpg 146w, https:\/\/centralmedia.rs\/wp-content\/uploads\/2025\/05\/20240821_095148-768x1580.jpg 768w, https:\/\/centralmedia.rs\/wp-content\/uploads\/2025\/05\/20240821_095148-747x1536.jpg 747w, https:\/\/centralmedia.rs\/wp-content\/uploads\/2025\/05\/20240821_095148-996x2048.jpg 996w, https:\/\/centralmedia.rs\/wp-content\/uploads\/2025\/05\/20240821_095148-scaled.jpg 1244w\" sizes=\"(max-width: 498px) 100vw, 498px\" \/><\/figure>\n<\/figure>\n\n\n\n<figure class=\"wp-block-gallery has-nested-images columns-default is-cropped wp-block-gallery-2 is-layout-flex wp-block-gallery-is-layout-flex\">\n<figure class=\"wp-block-image size-large\"><img loading=\"lazy\" decoding=\"async\" width=\"1024\" height=\"498\" data-id=\"42832\" src=\"https:\/\/centralmedia.rs\/wp-content\/uploads\/2025\/05\/20240821_123122-1024x498.jpg\" alt=\"\" class=\"wp-image-42832\" srcset=\"https:\/\/centralmedia.rs\/wp-content\/uploads\/2025\/05\/20240821_123122-1024x498.jpg 1024w, https:\/\/centralmedia.rs\/wp-content\/uploads\/2025\/05\/20240821_123122-300x146.jpg 300w, https:\/\/centralmedia.rs\/wp-content\/uploads\/2025\/05\/20240821_123122-768x373.jpg 768w, https:\/\/centralmedia.rs\/wp-content\/uploads\/2025\/05\/20240821_123122-1536x747.jpg 1536w, https:\/\/centralmedia.rs\/wp-content\/uploads\/2025\/05\/20240821_123122-2048x996.jpg 2048w\" sizes=\"(max-width: 1024px) 100vw, 1024px\" \/><\/figure>\n\n\n\n<figure class=\"wp-block-image size-large\"><img loading=\"lazy\" decoding=\"async\" width=\"1024\" height=\"498\" data-id=\"42833\" src=\"https:\/\/centralmedia.rs\/wp-content\/uploads\/2025\/05\/20240821_123134-1024x498.jpg\" alt=\"\" class=\"wp-image-42833\" srcset=\"https:\/\/centralmedia.rs\/wp-content\/uploads\/2025\/05\/20240821_123134-1024x498.jpg 1024w, https:\/\/centralmedia.rs\/wp-content\/uploads\/2025\/05\/20240821_123134-300x146.jpg 300w, https:\/\/centralmedia.rs\/wp-content\/uploads\/2025\/05\/20240821_123134-768x373.jpg 768w, https:\/\/centralmedia.rs\/wp-content\/uploads\/2025\/05\/20240821_123134-1536x747.jpg 1536w, https:\/\/centralmedia.rs\/wp-content\/uploads\/2025\/05\/20240821_123134-2048x996.jpg 2048w\" sizes=\"(max-width: 1024px) 100vw, 1024px\" \/><\/figure>\n<\/figure>\n\n\n\n<figure class=\"wp-block-image size-large\"><img loading=\"lazy\" decoding=\"async\" width=\"498\" height=\"1024\" src=\"https:\/\/centralmedia.rs\/wp-content\/uploads\/2025\/05\/20240821_133251-498x1024.jpg\" alt=\"\" class=\"wp-image-42834\" srcset=\"https:\/\/centralmedia.rs\/wp-content\/uploads\/2025\/05\/20240821_133251-498x1024.jpg 498w, https:\/\/centralmedia.rs\/wp-content\/uploads\/2025\/05\/20240821_133251-146x300.jpg 146w, https:\/\/centralmedia.rs\/wp-content\/uploads\/2025\/05\/20240821_133251-768x1580.jpg 768w, https:\/\/centralmedia.rs\/wp-content\/uploads\/2025\/05\/20240821_133251-747x1536.jpg 747w, https:\/\/centralmedia.rs\/wp-content\/uploads\/2025\/05\/20240821_133251-996x2048.jpg 996w, https:\/\/centralmedia.rs\/wp-content\/uploads\/2025\/05\/20240821_133251-scaled.jpg 1244w\" sizes=\"(max-width: 498px) 100vw, 498px\" \/><\/figure>\n\n\n\n<p>-Srpski identet nije vezan samo srednji vek. Despotovac jeste centar, kada vidite koliko je \u017ertava dao u Prvom svetskom ratu. Ve\u0107ina tih ljudi je ba\u0161tinila neku tradiciju. Moj pradeda je odavde i nosilac je Solunske spomenice. Sigurno je da su istorijski odjeci Despota Stefana i Manasije, kao i da ono \u0161to je radio ostavilo traga ovde. Despotovac je centar srpskog identiteta i kulture. Kontinuirani ba\u0161tinik, ve\u0107 32. godine, spskog identiteta i kulture. To je jedinstven primer u Srbiji, ne postoji&nbsp; ni jedno mesto koje ovakav nau\u010dni skup, ovakvu kulturnu manifestaciju u sinteznoj celini organizuje vi\u0161e od tri decenije. Despotovac preko 30 godina okuplja najzna\u010dajnije nau\u010dnike iz oblasti o\u010duvanja nacionalnog identiteta, istorija, kultura, umetnost, jezik. U tom pogledu mislim da je vi\u0161e potrebno da se vi\u0161e Despotovac osvesti koja je njegova uloga i mesto. Neka se krene od jedne prostorije pa je i to ne\u0161to. Osnivanje Instituta je krajnji cilj i to Despotovac zalu\u017euje. To bi trebalo da bude jedan od projekata op\u0161tine, dakle epicenter predrenesansne kulture Evrope je ovde kraj 14. i po\u010detak 15. veka. Samo se treba osvestiti i po\u0107i tim putem, naveo je Milosavljevi\u0107.<\/p>\n","protected":false},"excerpt":{"rendered":"<p>Profesor U\u010diteljskog fakulteta u Beogradu Predrag Milosavljevi\u0107 isti\u010de da je osnivanje Instituta za srednji vek krajnji cilj. -Srpski identet nije vezan samo srednji vek. Despotovac &hellip; <\/p>\n","protected":false},"author":2,"featured_media":42830,"comment_status":"closed","ping_status":"open","sticky":false,"template":"","format":"standard","meta":{"footnotes":""},"categories":[1518,1524,2,15,12],"tags":[51],"_links":{"self":[{"href":"https:\/\/centralmedia.rs\/index.php\/wp-json\/wp\/v2\/posts\/42829"}],"collection":[{"href":"https:\/\/centralmedia.rs\/index.php\/wp-json\/wp\/v2\/posts"}],"about":[{"href":"https:\/\/centralmedia.rs\/index.php\/wp-json\/wp\/v2\/types\/post"}],"author":[{"embeddable":true,"href":"https:\/\/centralmedia.rs\/index.php\/wp-json\/wp\/v2\/users\/2"}],"replies":[{"embeddable":true,"href":"https:\/\/centralmedia.rs\/index.php\/wp-json\/wp\/v2\/comments?post=42829"}],"version-history":[{"count":2,"href":"https:\/\/centralmedia.rs\/index.php\/wp-json\/wp\/v2\/posts\/42829\/revisions"}],"predecessor-version":[{"id":42836,"href":"https:\/\/centralmedia.rs\/index.php\/wp-json\/wp\/v2\/posts\/42829\/revisions\/42836"}],"wp:featuredmedia":[{"embeddable":true,"href":"https:\/\/centralmedia.rs\/index.php\/wp-json\/wp\/v2\/media\/42830"}],"wp:attachment":[{"href":"https:\/\/centralmedia.rs\/index.php\/wp-json\/wp\/v2\/media?parent=42829"}],"wp:term":[{"taxonomy":"category","embeddable":true,"href":"https:\/\/centralmedia.rs\/index.php\/wp-json\/wp\/v2\/categories?post=42829"},{"taxonomy":"post_tag","embeddable":true,"href":"https:\/\/centralmedia.rs\/index.php\/wp-json\/wp\/v2\/tags?post=42829"}],"curies":[{"name":"wp","href":"https:\/\/api.w.org\/{rel}","templated":true}]}}