{"id":42837,"date":"2025-03-12T16:55:49","date_gmt":"2025-03-12T15:55:49","guid":{"rendered":"https:\/\/centralmedia.rs\/?p=42837"},"modified":"2025-05-22T16:56:11","modified_gmt":"2025-05-22T14:56:11","slug":"radic-ni-jedan-centar-se-ne-moze-uporediti-sa-despotovcem","status":"publish","type":"post","link":"https:\/\/centralmedia.rs\/index.php\/2025\/03\/12\/radic-ni-jedan-centar-se-ne-moze-uporediti-sa-despotovcem\/","title":{"rendered":"RADI\u0106: NI JEDAN CENTAR SE NE MO\u017dE UPOREDITI SA DESPOTOVCEM\u00a0\u00a0"},"content":{"rendered":"\n<p>Akademik Radivoj Radi\u0107 &#8211; vrhunski akademici su govorili o srpskom srednjem veku u Despotovcu.<\/p>\n\n\n\n<figure class=\"wp-block-image size-large\"><img loading=\"lazy\" decoding=\"async\" width=\"498\" height=\"1024\" src=\"http:\/\/centralmedia.rs\/wp-content\/uploads\/2025\/05\/20240821_095240-498x1024.jpg\" alt=\"\" class=\"wp-image-42838\" srcset=\"https:\/\/centralmedia.rs\/wp-content\/uploads\/2025\/05\/20240821_095240-498x1024.jpg 498w, https:\/\/centralmedia.rs\/wp-content\/uploads\/2025\/05\/20240821_095240-146x300.jpg 146w, https:\/\/centralmedia.rs\/wp-content\/uploads\/2025\/05\/20240821_095240-768x1580.jpg 768w, https:\/\/centralmedia.rs\/wp-content\/uploads\/2025\/05\/20240821_095240-747x1536.jpg 747w, https:\/\/centralmedia.rs\/wp-content\/uploads\/2025\/05\/20240821_095240-996x2048.jpg 996w, https:\/\/centralmedia.rs\/wp-content\/uploads\/2025\/05\/20240821_095240-scaled.jpg 1244w\" sizes=\"(max-width: 498px) 100vw, 498px\" \/><\/figure>\n\n\n\n<figure class=\"wp-block-gallery has-nested-images columns-default is-cropped wp-block-gallery-1 is-layout-flex wp-block-gallery-is-layout-flex\">\n<figure class=\"wp-block-image size-large\"><img loading=\"lazy\" decoding=\"async\" width=\"498\" height=\"1024\" data-id=\"42840\" src=\"https:\/\/centralmedia.rs\/wp-content\/uploads\/2025\/05\/20240821_132239-498x1024.jpg\" alt=\"\" class=\"wp-image-42840\" srcset=\"https:\/\/centralmedia.rs\/wp-content\/uploads\/2025\/05\/20240821_132239-498x1024.jpg 498w, https:\/\/centralmedia.rs\/wp-content\/uploads\/2025\/05\/20240821_132239-146x300.jpg 146w, https:\/\/centralmedia.rs\/wp-content\/uploads\/2025\/05\/20240821_132239-768x1580.jpg 768w, https:\/\/centralmedia.rs\/wp-content\/uploads\/2025\/05\/20240821_132239-747x1536.jpg 747w, https:\/\/centralmedia.rs\/wp-content\/uploads\/2025\/05\/20240821_132239-996x2048.jpg 996w, https:\/\/centralmedia.rs\/wp-content\/uploads\/2025\/05\/20240821_132239-scaled.jpg 1244w\" sizes=\"(max-width: 498px) 100vw, 498px\" \/><\/figure>\n<\/figure>\n\n\n\n<p>-Dani srpskog duhovnog preobra\u017eenja slu\u017ee Despotovcu na ponos i \u010dast. Ve\u0107 tridesetak godina se odigrava manifestacija i nau\u010dni skup, koji okuplja na\u0161e najbolje stru\u010dnjake za srednji vek za razne discipline. Prati ih serija knjiga koje su reprezentativna nau\u010dna dela. Nema u Srbiji sli\u010dnog skupa koji po\u0161tuje na\u0161u srednjevekovnu veliku civilizaciju. U srednjem veku smo bili&nbsp; mnogo zna\u010dajnija dr\u017eava, nego danas na prostoru Evrope. Kao u\u010desnik \u017eelim da traje i odoleva svim izazovima. Ovo je nabolja manifestacija i serija knjiga koje prou\u010davaju srpski srednji vek. Danas se mnogo pri\u010da o kulturi se\u0107anja i pam\u0107enja, ovo je pravo mesto za to. Pogotovo \u0161to se nalazi pored manastira Manasija koje je jedno od najva\u017enijih mesta jer je vezano za jednog od najve\u0107ih li\u010dnosti srednjeg veka, viteza bez mane i straha, pisca, intelektualca, izuzetna li\u010dnost srednjeg veka. \u017di\u010da i Ra\u0161ka imaju neke manifestacije, ali u Despotovcu ostaje tridesetak vredih knjiga, nau\u010dnih postignu\u0107a, \u0161to nije ni blizu. Ni\u0161 se bavi Vizantijom. Ni jedan skup ili centar u Srbiji ne mo\u017ee da se uporedi sa Despotovcem.&nbsp; Vrhunski akademici su govorili o srpskom srednjem veku u Despotovcu. To \u0107e svako re\u0107i ko je video \u0161ta ostaje iza skupova. Menjali su se predsednici, ali svi su imali ose\u0107aj za nau\u010dni rad, isti\u010de Radi\u0107&nbsp;&nbsp;&nbsp;&nbsp;&nbsp;&nbsp;<\/p>\n","protected":false},"excerpt":{"rendered":"<p>Akademik Radivoj Radi\u0107 &#8211; vrhunski akademici su govorili o srpskom srednjem veku u Despotovcu. -Dani srpskog duhovnog preobra\u017eenja slu\u017ee Despotovcu na ponos i \u010dast. Ve\u0107 &hellip; <\/p>\n","protected":false},"author":2,"featured_media":42839,"comment_status":"closed","ping_status":"open","sticky":false,"template":"","format":"standard","meta":{"footnotes":""},"categories":[1518,1524,15,12],"tags":[51],"_links":{"self":[{"href":"https:\/\/centralmedia.rs\/index.php\/wp-json\/wp\/v2\/posts\/42837"}],"collection":[{"href":"https:\/\/centralmedia.rs\/index.php\/wp-json\/wp\/v2\/posts"}],"about":[{"href":"https:\/\/centralmedia.rs\/index.php\/wp-json\/wp\/v2\/types\/post"}],"author":[{"embeddable":true,"href":"https:\/\/centralmedia.rs\/index.php\/wp-json\/wp\/v2\/users\/2"}],"replies":[{"embeddable":true,"href":"https:\/\/centralmedia.rs\/index.php\/wp-json\/wp\/v2\/comments?post=42837"}],"version-history":[{"count":1,"href":"https:\/\/centralmedia.rs\/index.php\/wp-json\/wp\/v2\/posts\/42837\/revisions"}],"predecessor-version":[{"id":42841,"href":"https:\/\/centralmedia.rs\/index.php\/wp-json\/wp\/v2\/posts\/42837\/revisions\/42841"}],"wp:featuredmedia":[{"embeddable":true,"href":"https:\/\/centralmedia.rs\/index.php\/wp-json\/wp\/v2\/media\/42839"}],"wp:attachment":[{"href":"https:\/\/centralmedia.rs\/index.php\/wp-json\/wp\/v2\/media?parent=42837"}],"wp:term":[{"taxonomy":"category","embeddable":true,"href":"https:\/\/centralmedia.rs\/index.php\/wp-json\/wp\/v2\/categories?post=42837"},{"taxonomy":"post_tag","embeddable":true,"href":"https:\/\/centralmedia.rs\/index.php\/wp-json\/wp\/v2\/tags?post=42837"}],"curies":[{"name":"wp","href":"https:\/\/api.w.org\/{rel}","templated":true}]}}