{"id":4285,"date":"2016-08-16T22:11:20","date_gmt":"2016-08-16T22:11:20","guid":{"rendered":"http:\/\/centralmedia.rs\/?p=4285"},"modified":"2017-01-20T00:49:06","modified_gmt":"2017-01-20T00:49:06","slug":"svilajnac-spreman-za-novi-zakon-paracin-upozorava-da-unutarsnost-odumire","status":"publish","type":"post","link":"https:\/\/centralmedia.rs\/index.php\/2016\/08\/16\/svilajnac-spreman-za-novi-zakon-paracin-upozorava-da-unutarsnost-odumire\/","title":{"rendered":"SVILAJNAC SPREMAN ZA NOVI ZAKON, PARA\u0106IN UPOZORAVA DA UNUTRA\u0160NJOST ODUMIRE"},"content":{"rendered":"<p>SVILAJNAC-PARA\u0106IN-Dve pomoravske lokalne samouprave, dva razli\u010dita ugla gledanja na predlog Zakona o prihodima lokalnih samouprava kojim bi lokalne uprave od poreza na zarade bile uskra\u0107ene za 30 odsto.<\/p>\n<div id='gallery-1' class='gallery galleryid-4285 gallery-columns-2 gallery-size-thumbnail'><figure class='gallery-item'>\n\t\t\t<div class='gallery-icon landscape'>\n\t\t\t\t<a href='https:\/\/centralmedia.rs\/index.php\/2016\/08\/16\/svilajnac-spreman-za-novi-zakon-paracin-upozorava-da-unutarsnost-odumire\/predradg-milanovic-1-svilajnac-g-j\/'><img loading=\"lazy\" decoding=\"async\" width=\"150\" height=\"150\" src=\"https:\/\/centralmedia.rs\/wp-content\/uploads\/2016\/08\/predradg-milanovic-1-svilajnac-g.j.-150x150.jpg\" class=\"attachment-thumbnail size-thumbnail\" alt=\"\" aria-describedby=\"gallery-1-4291\" \/><\/a>\n\t\t\t<\/div>\n\t\t\t\t<figcaption class='wp-caption-text gallery-caption' id='gallery-1-4291'>\n\t\t\t\tPredrag Milanovi\u0107\n\t\t\t\t<\/figcaption><\/figure><figure class='gallery-item'>\n\t\t\t<div class='gallery-icon landscape'>\n\t\t\t\t<a href='https:\/\/centralmedia.rs\/index.php\/2016\/08\/16\/svilajnac-spreman-za-novi-zakon-paracin-upozorava-da-unutarsnost-odumire\/sasa-punovic-paracin-g-j-2\/'><img loading=\"lazy\" decoding=\"async\" width=\"150\" height=\"150\" src=\"https:\/\/centralmedia.rs\/wp-content\/uploads\/2016\/08\/sasa-punovic-paracin-g.j.-1-150x150.jpg\" class=\"attachment-thumbnail size-thumbnail\" alt=\"\" aria-describedby=\"gallery-1-4292\" \/><\/a>\n\t\t\t<\/div>\n\t\t\t\t<figcaption class='wp-caption-text gallery-caption' id='gallery-1-4292'>\n\t\t\t\tSa\u0161a Paunovi\u0107\n\t\t\t\t<\/figcaption><\/figure>\n\t\t<\/div>\n\n<p>Predsednik op\u0161tine Svilajnac Predrag Milianovi\u0107 izjavio je danas da podr\u017eava novi predlog zakona, jer smatra da to nije lo\u0161a mera ukoliko se novac na pravi na\u010din iskoristi za kako je najavljeno osnivanje posebnog fonda koji bi Vlada Srbije i EU dopunili dodatnim sredstvima, a op\u0161tine bi se projektima takmi\u010dile za sredstva za izgradnju lokalne infrastrukture.<br \/>\n-Mislim da \u0107e manje op\u0161tine biti na dobitku. Ovom merom najvi\u0161e \u0107e biti pogo\u0111eni veliki gradovi, jer imaju najve\u0107i broj uposlenih. Gradovi su godinama unazad bili privilegovani, vi\u0161e se ulagalo i vodilo ra\u010duna, a male op\u0161tine su se praznile i za njih nije bilo novca. Ako bude za\u017eiveo takav predlog i novac bude ravomerno deljen, male op\u0161tine bi\u0107e na dobitku, ocenio je Milanovi\u0107.<br \/>\nOn je objasnio da je re\u010d je o fondu koji bi godi\u0161nje akumulirao oko 8 milijardi dinara, kao i da op\u0161tina Svilajnac ima 50 spremnih projekta.<br \/>\nSa druge strane njegov kolega iz Para\u0107in Sa\u0161a Paunovi\u0107, koji je bio u jednom mandatu na \u010delu Skup\u0161tine gradova i op\u0161tina, ocenio da politika smanjenje prihoda lokalnih samoupravana na ra\u010dun dr\u017eavne kase dugoro\u010dno vodi ka ,,pra\u017enjenju unutra\u0161njosti i seljenju stanovni\u0161tva u Beograd i Novi Sad\u201c.<br \/>\n-Novi predlog Zakona o finansiranju lokalnih samouprava nisam video, ali sam saznao iz medija da se radi na njemu i da je re\u010d o kompromisnom re\u0161enju. Prema novom predlogu manje drasti\u010dno bi\u0107e smanjeni lokalni prihodi, pa \u0107e tako investicione mogu\u0107nosti Para\u0107ina biti smanjene za 10 odsto u odnosu na sada\u0161nje stanje, rekao je Paunovi\u0107 i konstatovao da je \u017ealosno \u0161to se ,,op\u0161tinski prihodi smanjuju po \u0161esti put za \u010detiri godine uz stalno drasti\u010dno pove\u0107anje dr\u017eavnih poreza\u201d.<br \/>\n-Po usvajanju i ovog pobolj\u0161anog predloga op\u0161tine \u0107e biti u gorem stanju nego pre 2012. godine. Nije istina da je re\u010d samo o uravnote\u017eenju, zbog problema sa Dinki\u0107evim zakonom iz 2012. godine, ve\u0107 o jo\u0161 ve\u0107em smanjenju za lokal u korist republike, ka\u017ee Paunovi\u0107.<br \/>\n-Dugoro\u010dno to je politika koja dovodi do pra\u017enjenja cele unutra\u0161njosti Srbije i seljenja za Beograd i Novi Sad. Za svaki milion dinara koji se uzmu jugu Beograd treba da sprema deset miliona da gradi nove mostove, jer migracija \u0107e biti tolika da ni ova dva nova ne\u0107e biti dovoljna kada se svi presele tamo, zaklju\u010dio je on.<br \/>\nMinistarka dr\u017eavne uprave i lokalne samouprene Ana Brnabi\u0107 za sredu je zakazala sa predstavnicima op\u0161tina i gradova sastanak povodom novog predloga zakona.<\/p>\n<p>&nbsp;<\/p>\n<p><strong><em>Svilajna\u010dka razglednica \u2013 Projekat se realizuje uz pomo\u0107 sredstava iz bud\u017eeta Op\u0161tine Svilajnac.<\/em><\/strong><\/p>\n<p>&nbsp;<\/p>\n","protected":false},"excerpt":{"rendered":"<p>SVILAJNAC-PARA\u0106IN-Dve pomoravske lokalne samouprave, dva razli\u010dita ugla gledanja na predlog Zakona o prihodima lokalnih samouprava kojim bi lokalne uprave od poreza na zarade bile uskra\u0107ene &hellip; <\/p>\n","protected":false},"author":4,"featured_media":4286,"comment_status":"open","ping_status":"open","sticky":false,"template":"","format":"standard","meta":{"footnotes":""},"categories":[22,1524,2,1516,887,1517],"tags":[566,156,333,1139,38],"_links":{"self":[{"href":"https:\/\/centralmedia.rs\/index.php\/wp-json\/wp\/v2\/posts\/4285"}],"collection":[{"href":"https:\/\/centralmedia.rs\/index.php\/wp-json\/wp\/v2\/posts"}],"about":[{"href":"https:\/\/centralmedia.rs\/index.php\/wp-json\/wp\/v2\/types\/post"}],"author":[{"embeddable":true,"href":"https:\/\/centralmedia.rs\/index.php\/wp-json\/wp\/v2\/users\/4"}],"replies":[{"embeddable":true,"href":"https:\/\/centralmedia.rs\/index.php\/wp-json\/wp\/v2\/comments?post=4285"}],"version-history":[{"count":0,"href":"https:\/\/centralmedia.rs\/index.php\/wp-json\/wp\/v2\/posts\/4285\/revisions"}],"wp:featuredmedia":[{"embeddable":true,"href":"https:\/\/centralmedia.rs\/index.php\/wp-json\/wp\/v2\/media\/4286"}],"wp:attachment":[{"href":"https:\/\/centralmedia.rs\/index.php\/wp-json\/wp\/v2\/media?parent=4285"}],"wp:term":[{"taxonomy":"category","embeddable":true,"href":"https:\/\/centralmedia.rs\/index.php\/wp-json\/wp\/v2\/categories?post=4285"},{"taxonomy":"post_tag","embeddable":true,"href":"https:\/\/centralmedia.rs\/index.php\/wp-json\/wp\/v2\/tags?post=4285"}],"curies":[{"name":"wp","href":"https:\/\/api.w.org\/{rel}","templated":true}]}}