{"id":42868,"date":"2025-05-24T12:13:13","date_gmt":"2025-05-24T10:13:13","guid":{"rendered":"https:\/\/centralmedia.rs\/?p=42868"},"modified":"2025-05-24T12:38:22","modified_gmt":"2025-05-24T10:38:22","slug":"podigla-se-jagodina","status":"publish","type":"post","link":"https:\/\/centralmedia.rs\/index.php\/2025\/05\/24\/podigla-se-jagodina\/","title":{"rendered":"PODIGLA SE JAGODINA"},"content":{"rendered":"\n<p>BRZA PRUGA NE\u0106E PRO\u0106I KROZ GRAD ILI BLOKIRAMO \u017dELEZNICU<\/p>\n\n\n\n<figure class=\"wp-block-image size-large\"><img loading=\"lazy\" decoding=\"async\" width=\"1024\" height=\"498\" src=\"https:\/\/centralmedia.rs\/wp-content\/uploads\/2025\/05\/blokada1-1024x498.jpg\" alt=\"\" class=\"wp-image-42870\" srcset=\"https:\/\/centralmedia.rs\/wp-content\/uploads\/2025\/05\/blokada1-1024x498.jpg 1024w, https:\/\/centralmedia.rs\/wp-content\/uploads\/2025\/05\/blokada1-300x146.jpg 300w, https:\/\/centralmedia.rs\/wp-content\/uploads\/2025\/05\/blokada1-768x373.jpg 768w, https:\/\/centralmedia.rs\/wp-content\/uploads\/2025\/05\/blokada1-1536x747.jpg 1536w, https:\/\/centralmedia.rs\/wp-content\/uploads\/2025\/05\/blokada1.jpg 1800w\" sizes=\"(max-width: 1024px) 100vw, 1024px\" \/><\/figure>\n\n\n\n<p>Blokada drumskog saobra\u0107aja na pru\u017enom prelazu u centru Jagodine, koja je trajala 72 sata od srede do subote, zavr\u0161ena je protestnim skupom nekoliko strotina gra\u0111ana sa koga je poru\u010deno Vladi Srbije da se se ,,podigla cela Jagodina\u201c i da ,,brza pruga ne\u0107e pro\u0107i kroz grad\u201c. U suprotonom gra\u0111ani su naveli da \u0107e blokirati \u017eelezni\u010dki saobra\u0107aj do ispunjenja zahteva. Organizatori GG Ne\u0107emo podeljenu Jagodinu najavili su u \u010detvrtak u 13\u00a0 sati sastanak sa Aleksandrom Sofronijevi\u0107 novom ministarkom gra\u0111evinarstva, saobra\u0107aja i infrastrukture, te pozvali gra\u0111ane da se okupe ispred zgrade Gradske uprave i poka\u017eu da su jedinstveni u zahtevima. Gra\u0111ani zahtevaju ve\u0107 dve godine izme\u0161tanje pruge iz centra grada prema auto putu i za to su naveli niz \u010dinjenica koje bi dugoro\u010dno uticale na \u017eivot ljudi. Sporno je i zatvaranje drumskog prelaza u centru grada \u00a0preko pruge, jer bi saobra\u0107aj bio usporen i gotovo nemogu\u0107. \u00a0Oni su naveli i da bi to dovelo do podele grada i \u00a0gra\u0111ane sa druge strane onemogu\u0107ilo da imaju pristup svim uslugama i sadr\u017eajima potrebnim za \u017eivot. \u00a0\u00a0\u00a0\u00a0\u00a0\u00a0\u00a0<\/p>\n","protected":false},"excerpt":{"rendered":"<p>BRZA PRUGA NE\u0106E PRO\u0106I KROZ GRAD ILI BLOKIRAMO \u017dELEZNICU Blokada drumskog saobra\u0107aja na pru\u017enom prelazu u centru Jagodine, koja je trajala 72 sata od srede &hellip; <\/p>\n","protected":false},"author":2,"featured_media":42869,"comment_status":"closed","ping_status":"open","sticky":false,"template":"","format":"standard","meta":{"footnotes":""},"categories":[1524,20,2,1514,12],"tags":[911,58,1387],"_links":{"self":[{"href":"https:\/\/centralmedia.rs\/index.php\/wp-json\/wp\/v2\/posts\/42868"}],"collection":[{"href":"https:\/\/centralmedia.rs\/index.php\/wp-json\/wp\/v2\/posts"}],"about":[{"href":"https:\/\/centralmedia.rs\/index.php\/wp-json\/wp\/v2\/types\/post"}],"author":[{"embeddable":true,"href":"https:\/\/centralmedia.rs\/index.php\/wp-json\/wp\/v2\/users\/2"}],"replies":[{"embeddable":true,"href":"https:\/\/centralmedia.rs\/index.php\/wp-json\/wp\/v2\/comments?post=42868"}],"version-history":[{"count":2,"href":"https:\/\/centralmedia.rs\/index.php\/wp-json\/wp\/v2\/posts\/42868\/revisions"}],"predecessor-version":[{"id":42872,"href":"https:\/\/centralmedia.rs\/index.php\/wp-json\/wp\/v2\/posts\/42868\/revisions\/42872"}],"wp:featuredmedia":[{"embeddable":true,"href":"https:\/\/centralmedia.rs\/index.php\/wp-json\/wp\/v2\/media\/42869"}],"wp:attachment":[{"href":"https:\/\/centralmedia.rs\/index.php\/wp-json\/wp\/v2\/media?parent=42868"}],"wp:term":[{"taxonomy":"category","embeddable":true,"href":"https:\/\/centralmedia.rs\/index.php\/wp-json\/wp\/v2\/categories?post=42868"},{"taxonomy":"post_tag","embeddable":true,"href":"https:\/\/centralmedia.rs\/index.php\/wp-json\/wp\/v2\/tags?post=42868"}],"curies":[{"name":"wp","href":"https:\/\/api.w.org\/{rel}","templated":true}]}}