{"id":42932,"date":"2025-05-22T15:09:49","date_gmt":"2025-05-22T13:09:49","guid":{"rendered":"https:\/\/centralmedia.rs\/?p=42932"},"modified":"2025-05-24T15:10:05","modified_gmt":"2025-05-24T13:10:05","slug":"duhovni-centar-i-hilandarska-gimnazija-na-zlatiboru","status":"publish","type":"post","link":"https:\/\/centralmedia.rs\/index.php\/2025\/05\/22\/duhovni-centar-i-hilandarska-gimnazija-na-zlatiboru\/","title":{"rendered":"DUHOVNI CENTAR I HILANDARSKA GIMNAZIJA NA ZLATIBORU"},"content":{"rendered":"\n<p>Polovinom 2022. godine, &nbsp;prvi put u istoriji jedna od najve\u0107ih hri\u0161\u0107anskih svetinja,&nbsp;dobila je svoje imanje na teritoriji Zlatiborskog okruga. Op\u0161tina \u010cajetina&nbsp;donela je odluku da&nbsp;<a href=\"https:\/\/www.telegraf.rs\/teme\/manastir-hilandar\" target=\"_blank\" rel=\"noreferrer noopener\">manastiru Hilandar<\/a>&nbsp;pokloni 70 hektara zemlji\u0161ta na Zlatiboru.&nbsp;<\/p>\n\n\n\n<figure class=\"wp-block-gallery has-nested-images columns-default is-cropped wp-block-gallery-1 is-layout-flex wp-block-gallery-is-layout-flex\">\n<figure class=\"wp-block-image size-large\"><img loading=\"lazy\" decoding=\"async\" width=\"1004\" height=\"269\" data-id=\"42934\" src=\"https:\/\/centralmedia.rs\/wp-content\/uploads\/2025\/05\/zemlja1.jpg\" alt=\"\" class=\"wp-image-42934\" srcset=\"https:\/\/centralmedia.rs\/wp-content\/uploads\/2025\/05\/zemlja1.jpg 1004w, https:\/\/centralmedia.rs\/wp-content\/uploads\/2025\/05\/zemlja1-300x80.jpg 300w, https:\/\/centralmedia.rs\/wp-content\/uploads\/2025\/05\/zemlja1-768x206.jpg 768w\" sizes=\"(max-width: 1004px) 100vw, 1004px\" \/><\/figure>\n\n\n\n<figure class=\"wp-block-image size-large\"><img loading=\"lazy\" decoding=\"async\" width=\"246\" height=\"339\" data-id=\"42935\" src=\"https:\/\/centralmedia.rs\/wp-content\/uploads\/2025\/05\/zemlja2.jpg\" alt=\"\" class=\"wp-image-42935\" srcset=\"https:\/\/centralmedia.rs\/wp-content\/uploads\/2025\/05\/zemlja2.jpg 246w, https:\/\/centralmedia.rs\/wp-content\/uploads\/2025\/05\/zemlja2-218x300.jpg 218w\" sizes=\"(max-width: 246px) 100vw, 246px\" \/><\/figure>\n<\/figure>\n\n\n\n<p>-Na Zlatiboru je planirana izgradnja Hilandarske gimnazije, a pre toga&nbsp; osnivanje Duhovnog centra, zna\u010di misionarski centar gde bi dolazila deca iz dijaspore i tu poha\u0111ali \u010dasve. Kao kamp ranije za decu na Zlatiboru, sada bi to bilo na vi\u0161em obrazovnom nivou sa \u010dasovima istorije, srpske kulture, tradicije, folklora, veronauke&#8230; Centar bi okupljao decu iz Srbije i dijaspore, iz ugro\u017eenih srpskih podru\u010dja, tu bi bili celo leto. Kasnije bi taj objekat prerastao u Hilandarsku gimnaziju, akreditovanu kod dr\u017eave, gde bi dolazila deca. Oni bi imali svoje nastavnike i profesore sa&nbsp; akreditovani programom koji podrazumeva vi\u0161e \u010dasova veronauke, srpske tradicije, istorije, kao i izborne predmete.Imali bi jednobrazne uniforme, posebne internate za devoj\u010dice i de\u010dake. Deca bi se bavila skupljanjem lekovitog bilja. Ceo prostor od 70 hektara bi se upotrebljavao u te svrhe. Deca bi se&nbsp; hranila zdravo. \u0160kolarina bi bila besplatna, isti\u010de poverernik Hilandara Milo\u0161 Stojkovi\u0107.<\/p>\n\n\n\n<p>&#8211; Po\u0161to je re\u010d o velikoj povr\u0161ini od 70 hektara, trebalo je da Vlada Srbije da odobrenje Op\u0161tini \u010cajetina da to prebaci na manastir Hilandar. Vlada je odobrila odluku Op\u0161tine \u010cajetina da prenese zemlju na manastir. To nije sprovedeno jer je u toku sudski spor, postoje \u017ealbe i tehni\u010dki problemi.&nbsp; Zemlji\u0161te je bilo pod sporom. Pre nego \u0161to je op\u0161tina donela odluku zemlji\u0161te su potra\u017eivali privatnici koji su kupili firmu ali ne i zemlji\u0161te, a oni su hteli se tu upi\u0161u i prisvoje vi\u0161e hiljada hektara uz pomo\u0107 jedne ministarke. Oni ula\u017eu \u017ealbe na upis Hilandra i sada smo prikupili sve dokaze da ti privrednici nikada nisu bili vlasnici zemlji\u0161ta. \u010cekamo sada da se zemlja uknji\u017ei. Posle toga radimo projekat i kre\u0107e realizacija. Re\u010d o prosvetnoj ustanovi, koja \u0107e na po\u010detku biti duhovni, misionarski, hilandarski centar koji okuplja decu, omladinu, zaklju\u010dio je Stojkovi\u0107.<\/p>\n","protected":false},"excerpt":{"rendered":"<p>Polovinom 2022. godine, &nbsp;prvi put u istoriji jedna od najve\u0107ih hri\u0161\u0107anskih svetinja,&nbsp;dobila je svoje imanje na teritoriji Zlatiborskog okruga. Op\u0161tina \u010cajetina&nbsp;donela je odluku da&nbsp;manastiru Hilandar&nbsp;pokloni &hellip; <\/p>\n","protected":false},"author":2,"featured_media":42933,"comment_status":"closed","ping_status":"open","sticky":false,"template":"","format":"standard","meta":{"footnotes":""},"categories":[2875,14,1524,12],"tags":[150,7020,2876],"_links":{"self":[{"href":"https:\/\/centralmedia.rs\/index.php\/wp-json\/wp\/v2\/posts\/42932"}],"collection":[{"href":"https:\/\/centralmedia.rs\/index.php\/wp-json\/wp\/v2\/posts"}],"about":[{"href":"https:\/\/centralmedia.rs\/index.php\/wp-json\/wp\/v2\/types\/post"}],"author":[{"embeddable":true,"href":"https:\/\/centralmedia.rs\/index.php\/wp-json\/wp\/v2\/users\/2"}],"replies":[{"embeddable":true,"href":"https:\/\/centralmedia.rs\/index.php\/wp-json\/wp\/v2\/comments?post=42932"}],"version-history":[{"count":1,"href":"https:\/\/centralmedia.rs\/index.php\/wp-json\/wp\/v2\/posts\/42932\/revisions"}],"predecessor-version":[{"id":42936,"href":"https:\/\/centralmedia.rs\/index.php\/wp-json\/wp\/v2\/posts\/42932\/revisions\/42936"}],"wp:featuredmedia":[{"embeddable":true,"href":"https:\/\/centralmedia.rs\/index.php\/wp-json\/wp\/v2\/media\/42933"}],"wp:attachment":[{"href":"https:\/\/centralmedia.rs\/index.php\/wp-json\/wp\/v2\/media?parent=42932"}],"wp:term":[{"taxonomy":"category","embeddable":true,"href":"https:\/\/centralmedia.rs\/index.php\/wp-json\/wp\/v2\/categories?post=42932"},{"taxonomy":"post_tag","embeddable":true,"href":"https:\/\/centralmedia.rs\/index.php\/wp-json\/wp\/v2\/tags?post=42932"}],"curies":[{"name":"wp","href":"https:\/\/api.w.org\/{rel}","templated":true}]}}