{"id":4296,"date":"2016-08-17T09:08:12","date_gmt":"2016-08-17T09:08:12","guid":{"rendered":"http:\/\/centralmedia.rs\/?p=4296"},"modified":"2017-01-16T13:48:09","modified_gmt":"2017-01-16T13:48:09","slug":"bule-goncic-otvara-24-dane-srpskoga-duhovog-preobrazenja","status":"publish","type":"post","link":"https:\/\/centralmedia.rs\/index.php\/2016\/08\/17\/bule-goncic-otvara-24-dane-srpskoga-duhovog-preobrazenja\/","title":{"rendered":"BULE GONCI\u0106 OTVARA 24. DANE SRPSKOGA DUHOVOG PREOBRA\u017dENJA"},"content":{"rendered":"<p>DESPOTOVAC-Tradicionalnu kulturnu manifestaciju 24. Dane srpskog duhovnog preobra\u017eenja, koji se odr\u017eavaju u Despotovcu od 19. do 28. avgusta, otvori\u0107e glumac Svetislav Bule Gonci\u0107, ali organizatori ka\u017eu da ,, ostaje gorak ukus, jer manifestaciju realizuju bez podr\u0161ke Ministarstva kulture.<\/p>\n<p><div id='gallery-1' class='gallery galleryid-4296 gallery-columns-2 gallery-size-thumbnail'><figure class='gallery-item'>\n\t\t\t<div class='gallery-icon landscape'>\n\t\t\t\t<a href='https:\/\/centralmedia.rs\/index.php\/2016\/08\/17\/bule-goncic-otvara-24-dane-srpskoga-duhovog-preobrazenja\/dscn2036\/'><img loading=\"lazy\" decoding=\"async\" width=\"150\" height=\"150\" src=\"https:\/\/centralmedia.rs\/wp-content\/uploads\/2016\/08\/DSCN2036-150x150.jpg\" class=\"attachment-thumbnail size-thumbnail\" alt=\"\" \/><\/a>\n\t\t\t<\/div><\/figure><figure class='gallery-item'>\n\t\t\t<div class='gallery-icon landscape'>\n\t\t\t\t<a href='https:\/\/centralmedia.rs\/index.php\/2016\/08\/17\/bule-goncic-otvara-24-dane-srpskoga-duhovog-preobrazenja\/preobrazenje\/'><img loading=\"lazy\" decoding=\"async\" width=\"150\" height=\"150\" src=\"https:\/\/centralmedia.rs\/wp-content\/uploads\/2016\/08\/preobrazenje-150x150.jpg\" class=\"attachment-thumbnail size-thumbnail\" alt=\"\" \/><\/a>\n\t\t\t<\/div><\/figure>\n\t\t<\/div>\n<br \/>\n-Sa Buletom je napravljen dogovor o otvaranju manifestacije. On poku\u0161ava da nam dovede novog ministra kulture Vladana Vukosavljevi\u0107a i ima izgleda da do\u0111e tog dana u Despotovac i eventualno otvori manifestaciju, rekao je predsednik organizacionog odbora Mo\u010dilo Vuksanovi\u0107 i dodao da je lepo bilo raditi ovu manifestaciju pre 20 godina kada je vi\u0161e od 50 odsto tro\u0161kova pokrivalo to ministarstvo, ali ,,u proteklih deset godina ni jedan jedini dinar nismo dobili\u201d.<br \/>\n-Sve tro\u0161kove pokriva bud\u017eet Despotovac i donatori. Dobijali smo obe\u0107anja, godine su prolazile, a ni dinara nismo dobijali. Nadam se da \u0107e ta praksa biti druga\u010dija, jer ,, Dani preobra\u017eenja\u201d zaslu\u017euju po kvalitetu i godinama druga\u010diji odnos, obja\u0161njava Vuksanovi\u0107.<br \/>\nOrganiozatori, me\u0111utim,ni jednog trenutka nisu dozvoljavali da se ,,Dani preobra\u017eenja\u201d pretvore u va\u0161ar, narodno veselje i zabavu.<br \/>\n-Manifestacija je uvek bila vrhunskog kvaliteta, prikaz najve\u0107ih kulturnih dostignu\u0107a vrhunskih umetnika. Tako \u0107e biti i u narednom peridou. \u017delimo da iz Gornje Resave dolazi vrhunska kultura, naglasio je Vuksanovi\u0107.<br \/>\nSavetnik predsednika op\u0161tine za kulturu i obrazovanje Goran Miljkovi\u0107 istakao da je organizacija manifestacije ko\u0161ta 3 miliona dinara i da je to za lokalnu upravu ,,veliki novac\u201d.<br \/>\n-Jubilarnu 25. manifestaciju nastoja\u0107emo da vratimo na mesto gde pripada a to je pod okrilje Ministarstva kulture. Ponosni smo na na\u0161 uspeh, jer bez nov\u010dane podr\u0161ke uspevamo da dovedemo jako kvalitetne programe, dodao je on.<br \/>\nManifesatciju \u0107e otvoriti hor &#8220;Viva voks&#8221; iz Beograda pod vo\u0111stvom Jasmine Lorin. Zatim \u0107e uslediti knji\u017eevno ve\u010de sa piscem Vladimirom Kecmanovi\u0107em, u okviru &#8220;Ve\u010deri klasi\u010dne muzike&#8221; nastupi\u0107e pijanista Borko Milojkovi\u0107, ve\u010de d\u017eeza uprili\u010di\u0107e Mi\u0161ko Plavi trio i Lena Kova\u010devi\u0107, a u utorak \u0107e nastupiti rok grupa Van Gog. Dan kasnije je programom predvi\u0111ena de\u010dija predstava ,,Aladin i \u010darobna lampa&#8221; kru\u0161eva\u010dkog pozori\u0161ta i koncert ,,Balkan Loversa&#8221; i Marka Markovi\u0107a. U \u010detvrtak je Sabor narodnog ume\u0107a i stvarala\u0161tva, projekcije dokumetarnog filma Milica autora Dragana El\u010di\u0107a i igrani film Otad\u017ebina reditelja Olega Novkovi\u0107a. U ve\u010dernjim satima bi\u0107e prikazan predstava Valjevska bolnica u re\u017eiji Slavenka Saletovi\u0107a kru\u0161eva\u010dkog pozori\u0161ta. Otvaranje 2. Me\u0111unardnog vite\u0161kog festivala Despot Stefan Lazarevi\u0107 \u2013JUST OUT, \u010diji je pokrovitelj predsednik Srbije Tomislav Nikoli\u0107, je u petak 26 avgusta. Predsednik \u0107e otvoriti festival na kome \u0107e nastupiti 17 vite\u0161kih grupa iz Evrope. Na sve\u010danom zatvaranju manifestacije nastupi\u0107e Nacionalni ansambl Kolo.<br \/>\nSvi doga\u0111iji bi\u0107e odr\u017eani na Trgu Despota Stefana u centru Despotovca i podno zidina manastira Manasija.<br \/>\nU Narodnoj biblioteci &#8220;Resavska \u0161kola&#8221; bi\u0107e odr\u017eani nau\u010dni skupovi &#8220;Srednji vek u srpskoj nauci, istoriji, knji\u017eevnsoti i umetnosti VIII&#8221;, dr Marija \u0110in\u0111i\u0107 odr\u017ea\u0107e predavanje na temu &#8220;Turcizam u srpskom jeziku&#8221;, o Zborniku radova sa pro\u0161logodi\u0161njeg nau\u010dnog skupa &#8220;Srednji vek u srpskoj nauci, istoriji, knji\u017eevnosti i umetnosti VII&#8221; govori\u0107e akademik Zlata Bojovi\u0107 i prof. dr Predrag Dilpari\u0107.<br \/>\nPored toga u Centru za kulturu predvi\u0111eno je otvaranje izlo\u017ebe grafika Bojana Ota\u0161evi\u0107a i izlo\u017ebe slika Slobodana Daneta Popovi\u0107a, kao i predstavljanje mladih muzi\u010dkih talenata iz Despotovca. U Manastirskoj vodenici bi\u0107e otvorena izlo\u017eba slika sa Likovne kolonije &#8220;Resava 2016&#8221;. Pre sve\u010denog zatvaranja bi\u0107e odr\u017ean seminar pod nazivom &#8220;Narodne igre u Gornjoj Resavi&#8221;, na kome \u0107e govoriti Dajna Kosti\u0107, kao i razgovoru o knjizi &#8220;Obi\u010daji, pesme i igre u Gornjoj Reasavi&#8221; i narodnoj no\u0161nji Gornje Resave.<br \/>\nDani srpskog duhovnog preobra\u017eenja osnovani su 1993. godine pod geslom &#8220;Stvarati i kada je te\u0161ko&#8221;, a prihvatili su je Srpska akademija nauka i umetnosti i Ministarstvo kulture.<\/p>\n<p><em><strong>Pozitivni primeri-Razglednica iz Despotovca \u2013 Projekat se realizuje uz pomo\u0107 sredstava iz bud\u017eeta Op\u0161tine Despotovac<\/strong><\/em><\/p>\n","protected":false},"excerpt":{"rendered":"<p>DESPOTOVAC-Tradicionalnu kulturnu manifestaciju 24. Dane srpskog duhovnog preobra\u017eenja, koji se odr\u017eavaju u Despotovcu od 19. do 28. avgusta, otvori\u0107e glumac Svetislav Bule Gonci\u0107, ali organizatori &hellip; <\/p>\n","protected":false},"author":4,"featured_media":4297,"comment_status":"open","ping_status":"open","sticky":false,"template":"","format":"standard","meta":{"footnotes":""},"categories":[1518,1524,2,15,887,12],"tags":[1140,51,922,1141,1121],"_links":{"self":[{"href":"https:\/\/centralmedia.rs\/index.php\/wp-json\/wp\/v2\/posts\/4296"}],"collection":[{"href":"https:\/\/centralmedia.rs\/index.php\/wp-json\/wp\/v2\/posts"}],"about":[{"href":"https:\/\/centralmedia.rs\/index.php\/wp-json\/wp\/v2\/types\/post"}],"author":[{"embeddable":true,"href":"https:\/\/centralmedia.rs\/index.php\/wp-json\/wp\/v2\/users\/4"}],"replies":[{"embeddable":true,"href":"https:\/\/centralmedia.rs\/index.php\/wp-json\/wp\/v2\/comments?post=4296"}],"version-history":[{"count":0,"href":"https:\/\/centralmedia.rs\/index.php\/wp-json\/wp\/v2\/posts\/4296\/revisions"}],"wp:featuredmedia":[{"embeddable":true,"href":"https:\/\/centralmedia.rs\/index.php\/wp-json\/wp\/v2\/media\/4297"}],"wp:attachment":[{"href":"https:\/\/centralmedia.rs\/index.php\/wp-json\/wp\/v2\/media?parent=4296"}],"wp:term":[{"taxonomy":"category","embeddable":true,"href":"https:\/\/centralmedia.rs\/index.php\/wp-json\/wp\/v2\/categories?post=4296"},{"taxonomy":"post_tag","embeddable":true,"href":"https:\/\/centralmedia.rs\/index.php\/wp-json\/wp\/v2\/tags?post=4296"}],"curies":[{"name":"wp","href":"https:\/\/api.w.org\/{rel}","templated":true}]}}