{"id":42960,"date":"2025-06-02T17:06:59","date_gmt":"2025-06-02T15:06:59","guid":{"rendered":"https:\/\/centralmedia.rs\/?p=42960"},"modified":"2025-06-03T17:07:10","modified_gmt":"2025-06-03T15:07:10","slug":"uhapsen-vozac-koji-usmrtio-biciklistu","status":"publish","type":"post","link":"https:\/\/centralmedia.rs\/index.php\/2025\/06\/02\/uhapsen-vozac-koji-usmrtio-biciklistu\/","title":{"rendered":"UHAP\u0160EN VOZA\u010c KOJI USMRTIO BICIKLISTU"},"content":{"rendered":"\n<p>Pripadnici Ministarstva unutra\u0161njih poslova u Svilajncu uhapsili su N. J. (2002) iz Svilajnca, zbog postojanja osnova sumnje da je <a><\/a>izvr\u0161io krivi\u010dna dela te\u0161ko delo protiv bezbednosti javnog saobra\u0107aja i nepru\u017eanje pomo\u0107i licu povre\u0111enom u saobra\u0107ajnoj nezgodi.<\/p>\n\n\n\n<p>On se sumnji\u010di da je, u subotu uve\u010de, u Svilajncu voze\u0107i \u201efolksvagen\u201d udario tridesetosmogodi\u0161njeg biciklistu, a potom pobegao.<\/p>\n\n\n\n<p>Biciklista je usled zadobijenih povreda preminuo.<\/p>\n\n\n\n<p>Osumnji\u010denom je odre\u0111eno zadr\u017eavanje do 48 sati nakon \u010dega \u0107e, uz krivi\u010dnu prijavu, biti priveden nadle\u017enom tu\u017eila\u0161tvu.<\/p>\n","protected":false},"excerpt":{"rendered":"<p>Pripadnici Ministarstva unutra\u0161njih poslova u Svilajncu uhapsili su N. J. (2002) iz Svilajnca, zbog postojanja osnova sumnje da je izvr\u0161io krivi\u010dna dela te\u0161ko delo protiv &hellip; <\/p>\n","protected":false},"author":2,"featured_media":38998,"comment_status":"closed","ping_status":"open","sticky":false,"template":"","format":"standard","meta":{"footnotes":""},"categories":[1524,20,12,1517],"tags":[5900],"_links":{"self":[{"href":"https:\/\/centralmedia.rs\/index.php\/wp-json\/wp\/v2\/posts\/42960"}],"collection":[{"href":"https:\/\/centralmedia.rs\/index.php\/wp-json\/wp\/v2\/posts"}],"about":[{"href":"https:\/\/centralmedia.rs\/index.php\/wp-json\/wp\/v2\/types\/post"}],"author":[{"embeddable":true,"href":"https:\/\/centralmedia.rs\/index.php\/wp-json\/wp\/v2\/users\/2"}],"replies":[{"embeddable":true,"href":"https:\/\/centralmedia.rs\/index.php\/wp-json\/wp\/v2\/comments?post=42960"}],"version-history":[{"count":1,"href":"https:\/\/centralmedia.rs\/index.php\/wp-json\/wp\/v2\/posts\/42960\/revisions"}],"predecessor-version":[{"id":42961,"href":"https:\/\/centralmedia.rs\/index.php\/wp-json\/wp\/v2\/posts\/42960\/revisions\/42961"}],"wp:featuredmedia":[{"embeddable":true,"href":"https:\/\/centralmedia.rs\/index.php\/wp-json\/wp\/v2\/media\/38998"}],"wp:attachment":[{"href":"https:\/\/centralmedia.rs\/index.php\/wp-json\/wp\/v2\/media?parent=42960"}],"wp:term":[{"taxonomy":"category","embeddable":true,"href":"https:\/\/centralmedia.rs\/index.php\/wp-json\/wp\/v2\/categories?post=42960"},{"taxonomy":"post_tag","embeddable":true,"href":"https:\/\/centralmedia.rs\/index.php\/wp-json\/wp\/v2\/tags?post=42960"}],"curies":[{"name":"wp","href":"https:\/\/api.w.org\/{rel}","templated":true}]}}