{"id":42965,"date":"2025-06-01T17:12:27","date_gmt":"2025-06-01T15:12:27","guid":{"rendered":"https:\/\/centralmedia.rs\/?p=42965"},"modified":"2025-06-03T17:12:46","modified_gmt":"2025-06-03T15:12:46","slug":"dalibor-markovic-7-jula-se-u-jagodini-otvara-memorijalni-park-dragan-markovic-palma-istog-dana-uvece-u-koncarevu-kik-boks-turnir-noc-tigrova","status":"publish","type":"post","link":"https:\/\/centralmedia.rs\/index.php\/2025\/06\/01\/dalibor-markovic-7-jula-se-u-jagodini-otvara-memorijalni-park-dragan-markovic-palma-istog-dana-uvece-u-koncarevu-kik-boks-turnir-noc-tigrova\/","title":{"rendered":"DALIBOR MARKOVI\u0106: 7. JULA SE U JAGODINI OTVARA MEMORIJALNI PARK &#8220;DRAGAN MARKOVI\u0106 PALMA&#8221;. ISTOG DANA UVE\u010cE U KON\u010cAREVU KIK BOKS TURNIR &#8220;NO\u0106 TIGROVA&#8221;"},"content":{"rendered":"\n<p>&#8220;7. jula \u0107e u <a><\/a>Jagodini biti otvoren Memorijalni park &#8220;Dragan Markovi\u0107 Palma&#8221;. Ovaj Memorijaln park \u0107e biti otvoren u turisti\u010dkom kompleksu Jagodine u Izleti\u0161tu &#8220;Potok&#8221;. Istog dana uve\u010de na stadionu u Kon\u010darevu, gde se vi\u0161e od dve decenije odr\u017eavao kik boks turnir povodom slave Svetog Jovana, slave i porodice Markovi\u0107 i sela Kon\u010dareva, bi\u0107e odr\u017ean kik boks turnir &#8220;No\u0107 tigrova&#8221;&#8221;, izjavio je u intervjuu za televiziju Pink sin Dragana Markovi\u0107a Palme I potpredsednik Jedinstvene Srbije Dalibor Markovi\u0107. Govore\u0107i o aktuelnoj situaciji u Srbiji Dalibor Markovi\u0107 je rekao da Jedinstvena Srbije daje apsolutnu podr\u0161ku predsedniku Srbije Aleksandru Vu\u010di\u0107u u borbi za politi\u010dki i ekonomski stabilnu Srbiju i ministru unutra\u0161njih poslova Srbije Ivici Da\u010di\u0107u u borbi za bezbednost svih gradjana Srbije. Na pitanje kako danas funcioni\u0161e Jedinstvena Srbija Dalibor Markovi\u0107 je rekao : &#8220;Te\u0161ko jeste, ali mi moramo da nastavimo dalje i nikada ne\u0107emo odustati od puta koji je trasirao Dragan Markovi\u0107 Palma. Njegov lik i delo moraju da se po\u0161tuju i osta\u0107emo dosledni jer je moj otac svoj \u017eivot dao za Jedinstvenu Srbiju i gradjane Jagodine&#8221; kazao je Dalibor Markovi\u0107.<\/p>\n\n\n\n<p><a href=\"https:\/\/www.facebook.com\/photo\/?fbid=716901720860129&amp;set=a.138286938721613&amp;__cft__[0]=AZWnbS0FcU74io1SzDrQ5W6-qUCrpGAUuAgZyJGZ4pr-DHB7eDwYdzTBZeGsRw_a-UMgfbDUzbmD8LtXsfFo7hW2WbJLGeF6LB7lm9n_-cDjVM6-N8SCZaDhl_kMhEtDl0faPbXmtajIXhHZNCcShIH9&amp;__tn__=EH-R\"><\/a><\/p>\n\n\n\n<figure class=\"wp-block-image\"><a href=\"https:\/\/www.facebook.com\/photo\/?fbid=716901720860129&amp;set=a.138286938721613&amp;__cft__[0]=AZWnbS0FcU74io1SzDrQ5W6-qUCrpGAUuAgZyJGZ4pr-DHB7eDwYdzTBZeGsRw_a-UMgfbDUzbmD8LtXsfFo7hW2WbJLGeF6LB7lm9n_-cDjVM6-N8SCZaDhl_kMhEtDl0faPbXmtajIXhHZNCcShIH9&amp;__tn__=EH-R\"><img decoding=\"async\" src=\"https:\/\/scontent.fbeg7-2.fna.fbcdn.net\/v\/t51.75761-15\/503105317_18462427933073329_5531152027453650319_n.webp?stp=dst-jpg_s720x720_tt6&amp;_nc_cat=110&amp;ccb=1-7&amp;_nc_sid=127cfc&amp;_nc_ohc=kg2fFRbZkTIQ7kNvwHTs2U4&amp;_nc_oc=AdnHk7Zt_I8-Rz0okQffkP1KshwZyViiBKoGr39p8ThyxfqDhxSCsGaMWoLiCouqOMs&amp;_nc_zt=23&amp;_nc_ht=scontent.fbeg7-2.fna&amp;_nc_gid=xyOL3---T9Iq9t3s3S_03A&amp;oh=00_AfLXOQUSmnY85RhRqBBspgpYG9oxGiY4Lg13SyRFu5Hvnw&amp;oe=6844F76E\" alt=\"\u041d\u0430 \u0441\u043b\u0438\u0446\u0438 \u043c\u043e\u0436\u0435 \u0431\u0438\u0442\u0438: 1 \u043e\u0441\u043e\u0431\u0430\"\/><\/a><\/figure>\n\n\n\n<p>\u041f\u0440\u0438\u043a\u0430\u0436\u0438 \u0441\u0442\u0430\u0442\u0438\u0441\u0442\u0438\u043a\u0443 \u0438 \u0440\u0435\u043a\u043b\u0430\u043c\u0435<\/p>\n\n\n\n<p><a href=\"https:\/\/www.facebook.com\/ad_center\/create\/boostpost\/?ad_account_id=10202116116196954&amp;entry_point=www_profile_plus_timeline&amp;page_id=101711192346209&amp;target_id=716901737526794&amp;__cft__[0]=AZWnbS0FcU74io1SzDrQ5W6-qUCrpGAUuAgZyJGZ4pr-DHB7eDwYdzTBZeGsRw_a-UMgfbDUzbmD8LtXsfFo7hW2WbJLGeF6LB7lm9n_-cDjVM6-N8SCZaDhl_kMhEtDl0faPbXmtajIXhHZNCcShIH9&amp;__tn__=*W-R\"><\/a><\/p>\n\n\n\n<p><a href=\"https:\/\/www.facebook.com\/ad_center\/create\/boostpost\/?ad_account_id=10202116116196954&amp;entry_point=www_profile_plus_timeline&amp;page_id=101711192346209&amp;target_id=716901737526794&amp;__cft__[0]=AZWnbS0FcU74io1SzDrQ5W6-qUCrpGAUuAgZyJGZ4pr-DHB7eDwYdzTBZeGsRw_a-UMgfbDUzbmD8LtXsfFo7hW2WbJLGeF6LB7lm9n_-cDjVM6-N8SCZaDhl_kMhEtDl0faPbXmtajIXhHZNCcShIH9&amp;__tn__=*W-R\">\u041f\u043e\u0432\u0435\u045b\u0430\u0458 \u0432\u0438\u0434\u0459\u0438\u0432\u043e\u0441\u0442 \u043e\u0431\u0458\u0430\u0432\u0435<\/a><\/p>\n\n\n\n<figure class=\"wp-block-image\"><img decoding=\"async\" src=\"\" alt=\"\"\/><\/figure>\n\n\n\n<figure class=\"wp-block-image\"><img decoding=\"async\" src=\"\" alt=\"\"\/><\/figure>\n\n\n\n<p>\u0421\u0432\u0435 \u0440\u0435\u0430\u043a\u0446\u0438\u0458\u0435:<\/p>\n\n\n\n<p>2222<\/p>\n","protected":false},"excerpt":{"rendered":"<p>&#8220;7. jula \u0107e u Jagodini biti otvoren Memorijalni park &#8220;Dragan Markovi\u0107 Palma&#8221;. Ovaj Memorijaln park \u0107e biti otvoren u turisti\u010dkom kompleksu Jagodine u Izleti\u0161tu &#8220;Potok&#8221;. &hellip; <\/p>\n","protected":false},"author":2,"featured_media":42966,"comment_status":"closed","ping_status":"open","sticky":false,"template":"","format":"standard","meta":{"footnotes":""},"categories":[1524,1514,13,12],"tags":[7026,845],"_links":{"self":[{"href":"https:\/\/centralmedia.rs\/index.php\/wp-json\/wp\/v2\/posts\/42965"}],"collection":[{"href":"https:\/\/centralmedia.rs\/index.php\/wp-json\/wp\/v2\/posts"}],"about":[{"href":"https:\/\/centralmedia.rs\/index.php\/wp-json\/wp\/v2\/types\/post"}],"author":[{"embeddable":true,"href":"https:\/\/centralmedia.rs\/index.php\/wp-json\/wp\/v2\/users\/2"}],"replies":[{"embeddable":true,"href":"https:\/\/centralmedia.rs\/index.php\/wp-json\/wp\/v2\/comments?post=42965"}],"version-history":[{"count":1,"href":"https:\/\/centralmedia.rs\/index.php\/wp-json\/wp\/v2\/posts\/42965\/revisions"}],"predecessor-version":[{"id":42967,"href":"https:\/\/centralmedia.rs\/index.php\/wp-json\/wp\/v2\/posts\/42965\/revisions\/42967"}],"wp:featuredmedia":[{"embeddable":true,"href":"https:\/\/centralmedia.rs\/index.php\/wp-json\/wp\/v2\/media\/42966"}],"wp:attachment":[{"href":"https:\/\/centralmedia.rs\/index.php\/wp-json\/wp\/v2\/media?parent=42965"}],"wp:term":[{"taxonomy":"category","embeddable":true,"href":"https:\/\/centralmedia.rs\/index.php\/wp-json\/wp\/v2\/categories?post=42965"},{"taxonomy":"post_tag","embeddable":true,"href":"https:\/\/centralmedia.rs\/index.php\/wp-json\/wp\/v2\/tags?post=42965"}],"curies":[{"name":"wp","href":"https:\/\/api.w.org\/{rel}","templated":true}]}}