{"id":42968,"date":"2025-05-31T17:16:35","date_gmt":"2025-05-31T15:16:35","guid":{"rendered":"https:\/\/centralmedia.rs\/?p=42968"},"modified":"2025-06-03T17:16:53","modified_gmt":"2025-06-03T15:16:53","slug":"dalibor-markovic-u-solunu-razgovarao-sa-generalnim-konzulom-srbije-u-grckoj-i-zamenikom-gradonacelnika-soluna","status":"publish","type":"post","link":"https:\/\/centralmedia.rs\/index.php\/2025\/05\/31\/dalibor-markovic-u-solunu-razgovarao-sa-generalnim-konzulom-srbije-u-grckoj-i-zamenikom-gradonacelnika-soluna\/","title":{"rendered":"DALIBOR MARKOVI\u0106 U SOLUNU RAZGOVARAO SA GENERALNIM KONZULOM SRBIJE U GR\u010cKOJ I ZAMENIKOM GRADONA\u010cELNIKA SOLUNA"},"content":{"rendered":"\n<p>Politi\u010dko-privredni deo srpske delegacije u poseti Gr\u010dkoj <a><\/a>imao je dva va\u017ena sastanka u Solunu. Srpsku delegaciju na \u010delu sa potpredsednikom Jedinstvene Srbije Daliborom Markovi\u0107em primila je generalni konzul Srbije u Solunu Jelena Vuji\u0107 Obradovi\u0107. -Nastavljamo 19. godi\u0161nju tradiciju posete delegacija iz Srbije Gr\u010dkoj u organizaciji Grada Jagodine i Jedinstvene Srbije, a o tro\u0161ku donatora. Do sada je u na\u0161oj organizaciji preko 80 000 gradjana Jagodine I Srbije i\u0161lo u neku dr\u017eavu&#8221; , izjavio je Markovi\u0107. Generalni konzul Jelena Vuji\u0107 Obradovi\u0107 je istakla da je Srbija ponosna \u0161to je prvi po\u010dasni konzul Gr\u010dke u Srbiji bio Dragan Markovi\u0107 Palma. Dalibora Markovi\u0107a primio je i zamenik gradona\u010delnika Soluna Vasilis Gakis zadu\u017een za medjunarodne odnose, turizam i kulturu. Vasilis Gakis je funkcioner vladaju\u0107e gr\u010dke stranke premijera Kirijakosa Micotakisa.<\/p>\n\n\n\n<figure class=\"wp-block-image size-large\"><img loading=\"lazy\" decoding=\"async\" width=\"1024\" height=\"768\" src=\"https:\/\/centralmedia.rs\/wp-content\/uploads\/2025\/06\/solun3-1024x768.jpg\" alt=\"\" class=\"wp-image-42970\" srcset=\"https:\/\/centralmedia.rs\/wp-content\/uploads\/2025\/06\/solun3-1024x768.jpg 1024w, https:\/\/centralmedia.rs\/wp-content\/uploads\/2025\/06\/solun3-300x225.jpg 300w, https:\/\/centralmedia.rs\/wp-content\/uploads\/2025\/06\/solun3-768x576.jpg 768w, https:\/\/centralmedia.rs\/wp-content\/uploads\/2025\/06\/solun3.jpg 1440w\" sizes=\"(max-width: 1024px) 100vw, 1024px\" \/><\/figure>\n\n\n\n<figure class=\"wp-block-gallery has-nested-images columns-default is-cropped wp-block-gallery-1 is-layout-flex wp-block-gallery-is-layout-flex\">\n<figure class=\"wp-block-image size-large\"><img loading=\"lazy\" decoding=\"async\" width=\"1024\" height=\"768\" data-id=\"42972\" src=\"https:\/\/centralmedia.rs\/wp-content\/uploads\/2025\/06\/solun-1024x768.jpg\" alt=\"\" class=\"wp-image-42972\" srcset=\"https:\/\/centralmedia.rs\/wp-content\/uploads\/2025\/06\/solun-1024x768.jpg 1024w, https:\/\/centralmedia.rs\/wp-content\/uploads\/2025\/06\/solun-300x225.jpg 300w, https:\/\/centralmedia.rs\/wp-content\/uploads\/2025\/06\/solun-768x576.jpg 768w, https:\/\/centralmedia.rs\/wp-content\/uploads\/2025\/06\/solun.jpg 1440w\" sizes=\"(max-width: 1024px) 100vw, 1024px\" \/><\/figure>\n\n\n\n<figure class=\"wp-block-image size-large\"><img loading=\"lazy\" decoding=\"async\" width=\"1024\" height=\"651\" data-id=\"42971\" src=\"https:\/\/centralmedia.rs\/wp-content\/uploads\/2025\/06\/solun1-1024x651.jpg\" alt=\"\" class=\"wp-image-42971\" srcset=\"https:\/\/centralmedia.rs\/wp-content\/uploads\/2025\/06\/solun1-1024x651.jpg 1024w, https:\/\/centralmedia.rs\/wp-content\/uploads\/2025\/06\/solun1-300x191.jpg 300w, https:\/\/centralmedia.rs\/wp-content\/uploads\/2025\/06\/solun1-768x489.jpg 768w, https:\/\/centralmedia.rs\/wp-content\/uploads\/2025\/06\/solun1.jpg 1440w\" sizes=\"(max-width: 1024px) 100vw, 1024px\" \/><\/figure>\n<\/figure>\n\n\n\n<p>&#8211; Grad Jagodina je uputio inicijalno pismo gradu Solunu u kome predla\u017eemo bratimljenje Jagodine I Soluna&#8221; rekao je Markovi\u0107 na \u0161ta je dobio odgovor zamenika gradona\u010delnika Soluna &#8220;Bi\u0107e nam zadovoljstvo da Solun i Jagodina postanu bratski gradovi. Grci imaju poseban odnos prema Srbiji i srpskom narodu&#8221; kazao je Gakis. Srpska delegacija obi\u0161la je i srpsko groblje Zentijnlik u Solunu. Dalibor Markovi\u0107 je u spomen knjizi ispred kosturnice napisao: &#8220;Svaki Srbin je ponosan na vas srpske vojnike, heroje koji su dali svoje \u017eivote za Srbiju&#8221;. U srpskoj delegaciji u poseti Solunu bili su i narodni poslanik \u017divota Star\u010devi\u0107, predsednik Skup\u0161tine grada Jagodine dr Miodrag Jarkin, odbornik u Skup\u0161tini grada Jagodine dr Valentin Mihajlov, na\u010delnik Pomoravskog okruga Goran Milosavljevi\u0107 i ispred SPS Luka Da\u010di\u0107.<\/p>\n","protected":false},"excerpt":{"rendered":"<p>Politi\u010dko-privredni deo srpske delegacije u poseti Gr\u010dkoj imao je dva va\u017ena sastanka u Solunu. Srpsku delegaciju na \u010delu sa potpredsednikom Jedinstvene Srbije Daliborom Markovi\u0107em primila &hellip; <\/p>\n","protected":false},"author":2,"featured_media":42969,"comment_status":"closed","ping_status":"open","sticky":false,"template":"","format":"standard","meta":{"footnotes":""},"categories":[1524,1514,13,12],"tags":[6794,702,841],"_links":{"self":[{"href":"https:\/\/centralmedia.rs\/index.php\/wp-json\/wp\/v2\/posts\/42968"}],"collection":[{"href":"https:\/\/centralmedia.rs\/index.php\/wp-json\/wp\/v2\/posts"}],"about":[{"href":"https:\/\/centralmedia.rs\/index.php\/wp-json\/wp\/v2\/types\/post"}],"author":[{"embeddable":true,"href":"https:\/\/centralmedia.rs\/index.php\/wp-json\/wp\/v2\/users\/2"}],"replies":[{"embeddable":true,"href":"https:\/\/centralmedia.rs\/index.php\/wp-json\/wp\/v2\/comments?post=42968"}],"version-history":[{"count":1,"href":"https:\/\/centralmedia.rs\/index.php\/wp-json\/wp\/v2\/posts\/42968\/revisions"}],"predecessor-version":[{"id":42973,"href":"https:\/\/centralmedia.rs\/index.php\/wp-json\/wp\/v2\/posts\/42968\/revisions\/42973"}],"wp:featuredmedia":[{"embeddable":true,"href":"https:\/\/centralmedia.rs\/index.php\/wp-json\/wp\/v2\/media\/42969"}],"wp:attachment":[{"href":"https:\/\/centralmedia.rs\/index.php\/wp-json\/wp\/v2\/media?parent=42968"}],"wp:term":[{"taxonomy":"category","embeddable":true,"href":"https:\/\/centralmedia.rs\/index.php\/wp-json\/wp\/v2\/categories?post=42968"},{"taxonomy":"post_tag","embeddable":true,"href":"https:\/\/centralmedia.rs\/index.php\/wp-json\/wp\/v2\/tags?post=42968"}],"curies":[{"name":"wp","href":"https:\/\/api.w.org\/{rel}","templated":true}]}}