{"id":43007,"date":"2025-06-10T20:14:53","date_gmt":"2025-06-10T18:14:53","guid":{"rendered":"https:\/\/centralmedia.rs\/?p=43007"},"modified":"2025-06-10T20:14:54","modified_gmt":"2025-06-10T18:14:54","slug":"dalibor-markovic-na-prijemu-u-ambasadi-rusije-u-beogradu-povodom-obelezavanja-dana-rusije","status":"publish","type":"post","link":"https:\/\/centralmedia.rs\/index.php\/2025\/06\/10\/dalibor-markovic-na-prijemu-u-ambasadi-rusije-u-beogradu-povodom-obelezavanja-dana-rusije\/","title":{"rendered":"DALIBOR MARKOVI\u0106 NA PRIJEMU U AMBASADI RUSIJE U BEOGRADU POVODOM OBELE\u017dAVANJA DANA RUSIJE"},"content":{"rendered":"\n<p>Ambasada Rusije u Beogradu danas je organizovala sve\u010dani prijem povodom obele\u017eavanja Dana Rusije. Prijemu su prisustvovali predsednik Vlade Srbije \u0110uro Macut, predsednica parlamenta Ana Brnabi\u0107, ministri Ivica Da\u010di\u0107, Marko \u0110uri\u0107, Adrijana Mesarovi\u0107, Bela Balint, Zoran Gaji\u0107, Jagoda Lazarevi\u0107, Dubravka \u0110edovi\u0107 Handanovi\u0107, Bratislav Ga\u0161i\u0107, Nenad Popovi\u0107, patrijarh srpski Porfirije, predsednik Nacionalnog saveta za koordinaciju saradnje sa Rusijom i Kinom Tomislav Nikoli\u0107, potpredsednik Jedinstvene Srbije Dalibor Markovi\u0107, narodni poslanici Jedinstvene Srbije \u017divota Star\u010devic, Zagorka Aleksi\u0107 i Marija Jev\u0111i\u0107, gradona\u010delnica Jagodine Gordana Jovanovi\u0107, na\u010delnik Pomoravskog okruga Goran Milosavljevic, predstavnici diplomatskog kora.<\/p>\n\n\n\n<p>Ambasador Rusije Aleksandar Bocan-Har\u010denko rekao je da je taj veliki dan, iako ne tako davno ustanovljen, duboko utkan u tradiciju ruskog naroda zasnovan na patriotizmu, dr\u017eavnosti i vrednostima a koje su sli\u010dne sa onima koje neguje srpski narod. Dan Rusije je dr\u017eavni praznik koji se od 1992. godine obele\u017eava 12. juna u \u010dast usvajanja Deklaracije o dr\u017eavnom suverenitetu Ruske Sovjetske Federativne Socijalisti\u010dke Republike.<\/p>\n","protected":false},"excerpt":{"rendered":"<p>Ambasada Rusije u Beogradu danas je organizovala sve\u010dani prijem povodom obele\u017eavanja Dana Rusije. Prijemu su prisustvovali predsednik Vlade Srbije \u0110uro Macut, predsednica parlamenta Ana Brnabi\u0107, &hellip; <\/p>\n","protected":false},"author":2,"featured_media":43008,"comment_status":"closed","ping_status":"open","sticky":false,"template":"","format":"standard","meta":{"footnotes":""},"categories":[1524,2,1514,13,12],"tags":[6186,6794],"_links":{"self":[{"href":"https:\/\/centralmedia.rs\/index.php\/wp-json\/wp\/v2\/posts\/43007"}],"collection":[{"href":"https:\/\/centralmedia.rs\/index.php\/wp-json\/wp\/v2\/posts"}],"about":[{"href":"https:\/\/centralmedia.rs\/index.php\/wp-json\/wp\/v2\/types\/post"}],"author":[{"embeddable":true,"href":"https:\/\/centralmedia.rs\/index.php\/wp-json\/wp\/v2\/users\/2"}],"replies":[{"embeddable":true,"href":"https:\/\/centralmedia.rs\/index.php\/wp-json\/wp\/v2\/comments?post=43007"}],"version-history":[{"count":1,"href":"https:\/\/centralmedia.rs\/index.php\/wp-json\/wp\/v2\/posts\/43007\/revisions"}],"predecessor-version":[{"id":43009,"href":"https:\/\/centralmedia.rs\/index.php\/wp-json\/wp\/v2\/posts\/43007\/revisions\/43009"}],"wp:featuredmedia":[{"embeddable":true,"href":"https:\/\/centralmedia.rs\/index.php\/wp-json\/wp\/v2\/media\/43008"}],"wp:attachment":[{"href":"https:\/\/centralmedia.rs\/index.php\/wp-json\/wp\/v2\/media?parent=43007"}],"wp:term":[{"taxonomy":"category","embeddable":true,"href":"https:\/\/centralmedia.rs\/index.php\/wp-json\/wp\/v2\/categories?post=43007"},{"taxonomy":"post_tag","embeddable":true,"href":"https:\/\/centralmedia.rs\/index.php\/wp-json\/wp\/v2\/tags?post=43007"}],"curies":[{"name":"wp","href":"https:\/\/api.w.org\/{rel}","templated":true}]}}