{"id":43029,"date":"2025-06-12T17:04:07","date_gmt":"2025-06-12T15:04:07","guid":{"rendered":"https:\/\/centralmedia.rs\/?p=43029"},"modified":"2025-06-12T18:09:20","modified_gmt":"2025-06-12T16:09:20","slug":"napad-na-prostorije-bunt-prave-srbije-u-vladicinom-hanu","status":"publish","type":"post","link":"https:\/\/centralmedia.rs\/index.php\/2025\/06\/12\/napad-na-prostorije-bunt-prave-srbije-u-vladicinom-hanu\/","title":{"rendered":"NAPAD NA PROSTORIJE BUNT &#8211; PRAVE SRBIJE U VLADI\u010cINOM HANU"},"content":{"rendered":"\n<p>Predsedni\u0161tvo politi\u010dke stranke BUNT \u2013 Prava Srbija najo\u0161trije osu\u0111uje novi u nizu napada na na\u0161u infrastrukturu, ovoga puta u Vladi\u010dinom Hanu, gde je tek otvorena strana\u010dka kancelarija brutalno oskrnavljena. Nepoznata lica su u toku no\u0107i uni\u0161tila izlog i grafitima izrugala fotografiju predsednika stranke, Du\u0161ana Markovi\u0107a.<\/p>\n\n\n\n<p>Ovo je tre\u0107i slu\u010daj uni\u0161tavanja na\u0161ih prostorija \u2014 nakon Smedereva i Jagodine \u2014 \u0161to ukazuje na sistematsku kampanju zastra\u0161ivanja i obra\u010dun sa najmla\u0111om, ali najbr\u017ee rastu\u0107om politi\u010dkom snagom u Srbiji. BUNT je za svega godinu dana formirao preko 30 odbora \u0161irom zemlje, \u0161to nas jasno pozicionira kao jednu od najsna\u017enijih opozicionih stranaka u nastajanju. O\u010digledno je da to nekome smeta.<\/p>\n\n\n\n<p>Izra\u017eavamo duboku zabrinutost za bezbednost predsednika Markovi\u0107a, koji je do sada vi\u0161e puta bio izlo\u017een verbalnim i fizi\u010dkim napadima, pretnjama preko dru\u0161tvenih mre\u017ea, a nedavno mu je zapaljeno i privatno vozilo. Ovi napadi su uredno prijavljeni nadle\u017enim organima, ali do danas nijedan po\u010dinilac nije sankcionisan, \u0161to postavlja ozbiljno pitanje \u2014 kada \u0107e institucije po\u010deti da rade svoj posao?<\/p>\n\n\n\n<p>Pozivamo sve politi\u010dke \u010dinioce, medije i gra\u0111ane da ne \u0107ute pred ovakvim napadima na politi\u010dke protivnike. Svako ko misli druga\u010dije ima pravo da govori i deluje u skladu sa zakonom, ali nema pravo da uni\u0161tava, prati i \u0161iri strah.<\/p>\n\n\n\n<p>BUNT \u2013 Prava Srbija nastavlja svoju borbu za nacionalne interese, za dostojanstvo gra\u0111ana, za slobodnu, pravednu i samosvesnu Srbiju. Ne\u0107emo se povu\u0107i pred pritiscima. Na\u0161 glas ne\u0107e u\u0107utkati ni strah, ni nasilje.<\/p>\n\n\n\n<p>Predsedni\u0161tvo stranke BUNT \u2013 Prava Srbija<\/p>\n","protected":false},"excerpt":{"rendered":"<p>Predsedni\u0161tvo politi\u010dke stranke BUNT \u2013 Prava Srbija najo\u0161trije osu\u0111uje novi u nizu napada na na\u0161u infrastrukturu, ovoga puta u Vladi\u010dinom Hanu, gde je tek otvorena &hellip; <\/p>\n","protected":false},"author":2,"featured_media":43030,"comment_status":"closed","ping_status":"open","sticky":false,"template":"","format":"standard","meta":{"footnotes":""},"categories":[1524,2,1514,13,12],"tags":[7036],"_links":{"self":[{"href":"https:\/\/centralmedia.rs\/index.php\/wp-json\/wp\/v2\/posts\/43029"}],"collection":[{"href":"https:\/\/centralmedia.rs\/index.php\/wp-json\/wp\/v2\/posts"}],"about":[{"href":"https:\/\/centralmedia.rs\/index.php\/wp-json\/wp\/v2\/types\/post"}],"author":[{"embeddable":true,"href":"https:\/\/centralmedia.rs\/index.php\/wp-json\/wp\/v2\/users\/2"}],"replies":[{"embeddable":true,"href":"https:\/\/centralmedia.rs\/index.php\/wp-json\/wp\/v2\/comments?post=43029"}],"version-history":[{"count":1,"href":"https:\/\/centralmedia.rs\/index.php\/wp-json\/wp\/v2\/posts\/43029\/revisions"}],"predecessor-version":[{"id":43031,"href":"https:\/\/centralmedia.rs\/index.php\/wp-json\/wp\/v2\/posts\/43029\/revisions\/43031"}],"wp:featuredmedia":[{"embeddable":true,"href":"https:\/\/centralmedia.rs\/index.php\/wp-json\/wp\/v2\/media\/43030"}],"wp:attachment":[{"href":"https:\/\/centralmedia.rs\/index.php\/wp-json\/wp\/v2\/media?parent=43029"}],"wp:term":[{"taxonomy":"category","embeddable":true,"href":"https:\/\/centralmedia.rs\/index.php\/wp-json\/wp\/v2\/categories?post=43029"},{"taxonomy":"post_tag","embeddable":true,"href":"https:\/\/centralmedia.rs\/index.php\/wp-json\/wp\/v2\/tags?post=43029"}],"curies":[{"name":"wp","href":"https:\/\/api.w.org\/{rel}","templated":true}]}}