{"id":43038,"date":"2025-06-10T18:08:46","date_gmt":"2025-06-10T16:08:46","guid":{"rendered":"https:\/\/centralmedia.rs\/?p=43038"},"modified":"2025-06-12T18:08:56","modified_gmt":"2025-06-12T16:08:56","slug":"drugi-sajam-poljoprivrede-i-gastro-turizma-na-zlatiboru-od-13-do-15-juna","status":"publish","type":"post","link":"https:\/\/centralmedia.rs\/index.php\/2025\/06\/10\/drugi-sajam-poljoprivrede-i-gastro-turizma-na-zlatiboru-od-13-do-15-juna\/","title":{"rendered":"Drugi \u201eSajam poljoprivrede i gastro turizma\u201c na Zlatiboru od 13. do 15. juna"},"content":{"rendered":"\n<p>U&nbsp; Inovacionom biznis centru na Zlatiboru odr\u017eana je konferencija za medije povodom predstoje\u0107eg &#8221;Sajma poljoprivrede i gastro turizma&#8221;,koji \u0107e se odr\u017eati drugi put na Zlatiboru od 13. do 15. juna. Ova manifestacija predstavlja jedinstvenu priliku za sticanje novih znanja, umre\u017eavanje i daje zna\u010dajan doprinos razvoju poljoprivrede u regionu, slu\u017ei \u0161irokoj publici, poljoprivrednicima, savetodavcima, nau\u010dnicima iz oblasti poljoprivrede kao i svim zaiteresovanima za distribuciju i kupovinu poljoprivrednih proizvoda. Sajam je osmi\u0161ljen u tri segmenta:<\/p>\n\n\n\n<p>\u00b7&nbsp;&nbsp;&nbsp;&nbsp;&nbsp;&nbsp;&nbsp; Izlo\u017ebeno-prodajni program na Kraljevom trgu,<\/p>\n\n\n\n<p>\u00b7&nbsp;&nbsp;&nbsp;&nbsp;&nbsp;&nbsp;&nbsp; Izlo\u017eba savremene poljoprivredne mehanizacije u blizini Turisti\u010dko-rekreativnog kompleksa,<\/p>\n\n\n\n<p>\u00b7&nbsp;&nbsp;&nbsp;&nbsp;&nbsp;&nbsp;&nbsp; Edukativne radionice koje \u0107e se odr\u017eavati u Inovacionom biznis centru.<\/p>\n\n\n\n<p>Direktor Eko Agrara, Marko Mari\u0107 je istakao da se potreba za ovakvom smotrom javila posle vi\u0161egodi\u0161njih ulaganja lokalne samouprave, odnosno Op\u0161tine \u010cajetina u razvoj poljoprivrede. Milica Jankovi\u0107, posebna savetnica ministra poljoprivrede istakla je:<\/p>\n\n\n\n<p>-U okviru prvog segmenta, izlo\u017ebeno prodajnog programa u\u010destvova\u0107e 52 izlaga\u010da od \u010dega \u0107e u\u010destvovati 25 Poljoprivrednih savetodavnih stru\u010dnih slu\u017ebi iz cele Srbije, \u010dime pokazuju koliku podr\u0161ku daju poljoprivrednim proizvo\u0111a\u010dima. Drugi segment predstavlja izlo\u017eba mehanizacije, gde \u0107e se predstaviti 18 izlaga\u010da. Zahvaljujem se organizatorima, stru\u010dnim slu\u017ebama i svim u\u010desnicima i partnerima&#8221;.<\/p>\n\n\n\n<p>&nbsp;&#8221;Sla\u0111i deo ove manifestacije jeste kulturni sadr\u017eaj, koji \u0107e ove godine biti prili\u010dno bogat. U petak nas o\u010dekuje koncert &#8221;Carskih glasova&#8221; grupa iz Gra\u010danice uz podr\u0161ku Zorane Pavi\u0107, dok \u0107e u subotu nastupati guda\u010dki kvartet &#8221;Rozeta&#8221; i Kulturno umetni\u010dko dru\u0161tvo &#8221;Hajduk Stanko&#8221; u okviru manifestacije &#8221;Zlatiborske no\u0107i&#8221;, najavila je direktorka Kulturnog centra, Danica Jevti\u0107 \u0160i\u0161ovi\u0107.<\/p>\n\n\n\n<p>Sve\u010dano otvaranje Sajma bi\u0107e 13. juna u 12:00 \u010dasova, a sajam \u0107e biti otvoren za posetioce od 10:00 \u010dasova. Radno vreme:<\/p>\n\n\n\n<p>\u00b7&nbsp;&nbsp;&nbsp;&nbsp;&nbsp;&nbsp;&nbsp; Petak i subota: 10:00\u201320:00<\/p>\n\n\n\n<p>\u00b7&nbsp;&nbsp;&nbsp;&nbsp;&nbsp;&nbsp;&nbsp; Nedelja: 10:00\u201318:00<\/p>\n\n\n\n<p>Vidimo se na Zlatiboru \u2013 mestu gde se priroda, tradicija i znanje spajaju u jedinstveno iskustvo.<\/p>\n","protected":false},"excerpt":{"rendered":"<p>U&nbsp; Inovacionom biznis centru na Zlatiboru odr\u017eana je konferencija za medije povodom predstoje\u0107eg &#8221;Sajma poljoprivrede i gastro turizma&#8221;,koji \u0107e se odr\u017eati drugi put na Zlatiboru &hellip; <\/p>\n","protected":false},"author":2,"featured_media":43039,"comment_status":"closed","ping_status":"open","sticky":false,"template":"","format":"standard","meta":{"footnotes":""},"categories":[22,2875,1524,12],"tags":[1375,2876],"_links":{"self":[{"href":"https:\/\/centralmedia.rs\/index.php\/wp-json\/wp\/v2\/posts\/43038"}],"collection":[{"href":"https:\/\/centralmedia.rs\/index.php\/wp-json\/wp\/v2\/posts"}],"about":[{"href":"https:\/\/centralmedia.rs\/index.php\/wp-json\/wp\/v2\/types\/post"}],"author":[{"embeddable":true,"href":"https:\/\/centralmedia.rs\/index.php\/wp-json\/wp\/v2\/users\/2"}],"replies":[{"embeddable":true,"href":"https:\/\/centralmedia.rs\/index.php\/wp-json\/wp\/v2\/comments?post=43038"}],"version-history":[{"count":1,"href":"https:\/\/centralmedia.rs\/index.php\/wp-json\/wp\/v2\/posts\/43038\/revisions"}],"predecessor-version":[{"id":43040,"href":"https:\/\/centralmedia.rs\/index.php\/wp-json\/wp\/v2\/posts\/43038\/revisions\/43040"}],"wp:featuredmedia":[{"embeddable":true,"href":"https:\/\/centralmedia.rs\/index.php\/wp-json\/wp\/v2\/media\/43039"}],"wp:attachment":[{"href":"https:\/\/centralmedia.rs\/index.php\/wp-json\/wp\/v2\/media?parent=43038"}],"wp:term":[{"taxonomy":"category","embeddable":true,"href":"https:\/\/centralmedia.rs\/index.php\/wp-json\/wp\/v2\/categories?post=43038"},{"taxonomy":"post_tag","embeddable":true,"href":"https:\/\/centralmedia.rs\/index.php\/wp-json\/wp\/v2\/tags?post=43038"}],"curies":[{"name":"wp","href":"https:\/\/api.w.org\/{rel}","templated":true}]}}