{"id":43054,"date":"2025-06-13T05:27:25","date_gmt":"2025-06-13T03:27:25","guid":{"rendered":"https:\/\/centralmedia.rs\/?p=43054"},"modified":"2025-06-15T05:28:01","modified_gmt":"2025-06-15T03:28:01","slug":"muzicki-karavan-u-paracinu","status":"publish","type":"post","link":"https:\/\/centralmedia.rs\/index.php\/2025\/06\/13\/muzicki-karavan-u-paracinu\/","title":{"rendered":"MUZI\u010cKI KARAVAN U PARA\u0106INU"},"content":{"rendered":"\n<p>U Op\u0161tini Para\u0107in tradicionalno se tokom leta odr\u017eava Muzi\u010dki karavan, kojim se promovi\u0161e narodno loklano stvarala\u0161tvo. <\/p>\n\n\n\n<figure class=\"wp-block-gallery has-nested-images columns-default is-cropped wp-block-gallery-1 is-layout-flex wp-block-gallery-is-layout-flex\">\n<figure class=\"wp-block-image size-large\"><img loading=\"lazy\" decoding=\"async\" width=\"1024\" height=\"768\" data-id=\"43056\" src=\"https:\/\/centralmedia.rs\/wp-content\/uploads\/2025\/06\/mutnica1-1024x768.jpg\" alt=\"\" class=\"wp-image-43056\" srcset=\"https:\/\/centralmedia.rs\/wp-content\/uploads\/2025\/06\/mutnica1-1024x768.jpg 1024w, https:\/\/centralmedia.rs\/wp-content\/uploads\/2025\/06\/mutnica1-300x225.jpg 300w, https:\/\/centralmedia.rs\/wp-content\/uploads\/2025\/06\/mutnica1-768x576.jpg 768w, https:\/\/centralmedia.rs\/wp-content\/uploads\/2025\/06\/mutnica1-1536x1152.jpg 1536w, https:\/\/centralmedia.rs\/wp-content\/uploads\/2025\/06\/mutnica1.jpg 1600w\" sizes=\"(max-width: 1024px) 100vw, 1024px\" \/><\/figure>\n\n\n\n<figure class=\"wp-block-image size-large\"><img loading=\"lazy\" decoding=\"async\" width=\"1024\" height=\"768\" data-id=\"43057\" src=\"https:\/\/centralmedia.rs\/wp-content\/uploads\/2025\/06\/mutnica2-1024x768.jpg\" alt=\"\" class=\"wp-image-43057\" srcset=\"https:\/\/centralmedia.rs\/wp-content\/uploads\/2025\/06\/mutnica2-1024x768.jpg 1024w, https:\/\/centralmedia.rs\/wp-content\/uploads\/2025\/06\/mutnica2-300x225.jpg 300w, https:\/\/centralmedia.rs\/wp-content\/uploads\/2025\/06\/mutnica2-768x576.jpg 768w, https:\/\/centralmedia.rs\/wp-content\/uploads\/2025\/06\/mutnica2-1536x1152.jpg 1536w, https:\/\/centralmedia.rs\/wp-content\/uploads\/2025\/06\/mutnica2.jpg 1600w\" sizes=\"(max-width: 1024px) 100vw, 1024px\" \/><\/figure>\n<\/figure>\n\n\n\n<figure class=\"wp-block-gallery has-nested-images columns-default is-cropped wp-block-gallery-2 is-layout-flex wp-block-gallery-is-layout-flex\">\n<figure class=\"wp-block-image size-large\"><img loading=\"lazy\" decoding=\"async\" width=\"1024\" height=\"768\" data-id=\"43058\" src=\"https:\/\/centralmedia.rs\/wp-content\/uploads\/2025\/06\/klacevica-1024x768.jpg\" alt=\"\" class=\"wp-image-43058\" srcset=\"https:\/\/centralmedia.rs\/wp-content\/uploads\/2025\/06\/klacevica-1024x768.jpg 1024w, https:\/\/centralmedia.rs\/wp-content\/uploads\/2025\/06\/klacevica-300x225.jpg 300w, https:\/\/centralmedia.rs\/wp-content\/uploads\/2025\/06\/klacevica-768x576.jpg 768w, https:\/\/centralmedia.rs\/wp-content\/uploads\/2025\/06\/klacevica-1536x1152.jpg 1536w, https:\/\/centralmedia.rs\/wp-content\/uploads\/2025\/06\/klacevica.jpg 1600w\" sizes=\"(max-width: 1024px) 100vw, 1024px\" \/><\/figure>\n\n\n\n<figure class=\"wp-block-image size-large\"><img loading=\"lazy\" decoding=\"async\" width=\"1024\" height=\"768\" data-id=\"43059\" src=\"https:\/\/centralmedia.rs\/wp-content\/uploads\/2025\/06\/klacevica1-1024x768.jpg\" alt=\"\" class=\"wp-image-43059\" srcset=\"https:\/\/centralmedia.rs\/wp-content\/uploads\/2025\/06\/klacevica1-1024x768.jpg 1024w, https:\/\/centralmedia.rs\/wp-content\/uploads\/2025\/06\/klacevica1-300x225.jpg 300w, https:\/\/centralmedia.rs\/wp-content\/uploads\/2025\/06\/klacevica1-768x576.jpg 768w, https:\/\/centralmedia.rs\/wp-content\/uploads\/2025\/06\/klacevica1-1536x1152.jpg 1536w, https:\/\/centralmedia.rs\/wp-content\/uploads\/2025\/06\/klacevica1.jpg 1600w\" sizes=\"(max-width: 1024px) 100vw, 1024px\" \/><\/figure>\n<\/figure>\n\n\n\n<p>Prvi koncert je odr\u017ean u Donjoj Mutnici, pa u Kla\u010devici i Stri\u017ei, tokom leta \u0107e i u ostalim selima. Publika \u0107e mo\u0107i da u\u017eiva u raznovrsnom programu. Muzi\u010dki karavan realizuje Dom omladine u saradni sa mesnim zejdnicama, pod pokroviteljstvom op\u0161tine Para\u0107in.\u00a0\u00a0<\/p>\n","protected":false},"excerpt":{"rendered":"<p>U Op\u0161tini Para\u0107in tradicionalno se tokom leta odr\u017eava Muzi\u010dki karavan, kojim se promovi\u0161e narodno loklano stvarala\u0161tvo. Prvi koncert je odr\u017ean u Donjoj Mutnici, pa u &hellip; <\/p>\n","protected":false},"author":2,"featured_media":43055,"comment_status":"closed","ping_status":"open","sticky":false,"template":"","format":"standard","meta":{"footnotes":""},"categories":[1524,15,1516,12],"tags":[7039,156],"_links":{"self":[{"href":"https:\/\/centralmedia.rs\/index.php\/wp-json\/wp\/v2\/posts\/43054"}],"collection":[{"href":"https:\/\/centralmedia.rs\/index.php\/wp-json\/wp\/v2\/posts"}],"about":[{"href":"https:\/\/centralmedia.rs\/index.php\/wp-json\/wp\/v2\/types\/post"}],"author":[{"embeddable":true,"href":"https:\/\/centralmedia.rs\/index.php\/wp-json\/wp\/v2\/users\/2"}],"replies":[{"embeddable":true,"href":"https:\/\/centralmedia.rs\/index.php\/wp-json\/wp\/v2\/comments?post=43054"}],"version-history":[{"count":1,"href":"https:\/\/centralmedia.rs\/index.php\/wp-json\/wp\/v2\/posts\/43054\/revisions"}],"predecessor-version":[{"id":43060,"href":"https:\/\/centralmedia.rs\/index.php\/wp-json\/wp\/v2\/posts\/43054\/revisions\/43060"}],"wp:featuredmedia":[{"embeddable":true,"href":"https:\/\/centralmedia.rs\/index.php\/wp-json\/wp\/v2\/media\/43055"}],"wp:attachment":[{"href":"https:\/\/centralmedia.rs\/index.php\/wp-json\/wp\/v2\/media?parent=43054"}],"wp:term":[{"taxonomy":"category","embeddable":true,"href":"https:\/\/centralmedia.rs\/index.php\/wp-json\/wp\/v2\/categories?post=43054"},{"taxonomy":"post_tag","embeddable":true,"href":"https:\/\/centralmedia.rs\/index.php\/wp-json\/wp\/v2\/tags?post=43054"}],"curies":[{"name":"wp","href":"https:\/\/api.w.org\/{rel}","templated":true}]}}