{"id":43068,"date":"2025-06-15T05:31:48","date_gmt":"2025-06-15T03:31:48","guid":{"rendered":"https:\/\/centralmedia.rs\/?p=43068"},"modified":"2025-06-15T05:31:49","modified_gmt":"2025-06-15T03:31:49","slug":"jedinstvena-srbija-zasada-nn-lice-je-napalo-i-ostetilo-vodovod-u-okolini-jagodine-a-napad-na-vodovod-je-teroristicki-akt","status":"publish","type":"post","link":"https:\/\/centralmedia.rs\/index.php\/2025\/06\/15\/jedinstvena-srbija-zasada-nn-lice-je-napalo-i-ostetilo-vodovod-u-okolini-jagodine-a-napad-na-vodovod-je-teroristicki-akt\/","title":{"rendered":"JEDINSTVENA SRBIJA : ZASADA NN LICE JE NAPALO I O\u0160TETILO VODOVOD U OKOLINI JAGODINE, A NAPAD NA VODOVOD JE TERORISTI\u010cKI AKT"},"content":{"rendered":"\n<p>No\u0107as je u selu Rakitovu kraj Jagodine, zasad NN lice, te\u0161ko o\u0161tetilo vazdu\u0161ni ventil na glavnom cevovodu, odakle se vodom snabdevaju tri velika jagodinska sela, Ribare, Rakitovo i Kon\u010darevo u kojima \u017eivi preko 10 hiljada ljudi. Jedinstvena Srbija podse\u0107a da je napad na vodovod u svakoj dr\u017eavi teroristi\u010dki akt.&nbsp; Jedinstvena Srbija, koja je na vlasti u Jagodini, poziva nadle\u017ene organe da ovaj kriminalni akt najstro\u017eije tretiraju. Ovo mo\u017ee biti samo delo kriminalaca i ludaka, a kriminalcima nije mesto ni u ovom gradu ni u dr\u017eavi Srbiji. \u017delimo da obavestimo gra\u0111ane i ova tri sela i cele teritorije Jagodine da je Jagodina grad koji je u poslednjih 20 godina imao najmanje problema sa vodom u Srbiji, zahvaljuju\u0107i lokalnoj samoupravi koja je investirala u nove bunare. Neki kriminalci bi \u017eeleli da se bave politikom u na\u0161em gradu, ali mora da znaju da kriminalci nikada ne\u0107e do\u0107i na vlast, jer gra\u0111ani znaju ko je ko, ko se \u010dime bavi, odakle je ko do\u0161ao i za\u0161to je neko proteran iz jedne zapadne zemlje. Kriminalci da se vrate u dr\u017eave iz kojih su proterani. Jedinstvena Srbija zahvaljuje kom\u0161ijama iz sela Rakitova na brzoj dojavi o vandalizmu na cevovodu, kao i radnicima Javnog komunalnog preduze\u0107a \u201eStandard\u201c iz Jagodine na brzoj intrevenciji, zahvaljuju\u0107i kojima nije bilo prekida u vodosnabdevanju kako su o\u010digledno neki kriminalci i ludaci planirali. Jagodina je doma\u0107inski, porodi\u010dan grad, grad mira, reda i taj put koji je trasirao Dragan Markovi\u0107 Palma bi\u0107e nastavljen na dobrobit svih gra\u0111ana.<\/p>\n\n\n\n<p>INFORMATIVNA SLU\u017dBA JEDINSTVENE SRBIJE<\/p>\n","protected":false},"excerpt":{"rendered":"<p>No\u0107as je u selu Rakitovu kraj Jagodine, zasad NN lice, te\u0161ko o\u0161tetilo vazdu\u0161ni ventil na glavnom cevovodu, odakle se vodom snabdevaju tri velika jagodinska sela, &hellip; <\/p>\n","protected":false},"author":2,"featured_media":42039,"comment_status":"closed","ping_status":"open","sticky":false,"template":"","format":"standard","meta":{"footnotes":""},"categories":[1524,20,2,1514,12],"tags":[544,1122],"_links":{"self":[{"href":"https:\/\/centralmedia.rs\/index.php\/wp-json\/wp\/v2\/posts\/43068"}],"collection":[{"href":"https:\/\/centralmedia.rs\/index.php\/wp-json\/wp\/v2\/posts"}],"about":[{"href":"https:\/\/centralmedia.rs\/index.php\/wp-json\/wp\/v2\/types\/post"}],"author":[{"embeddable":true,"href":"https:\/\/centralmedia.rs\/index.php\/wp-json\/wp\/v2\/users\/2"}],"replies":[{"embeddable":true,"href":"https:\/\/centralmedia.rs\/index.php\/wp-json\/wp\/v2\/comments?post=43068"}],"version-history":[{"count":1,"href":"https:\/\/centralmedia.rs\/index.php\/wp-json\/wp\/v2\/posts\/43068\/revisions"}],"predecessor-version":[{"id":43069,"href":"https:\/\/centralmedia.rs\/index.php\/wp-json\/wp\/v2\/posts\/43068\/revisions\/43069"}],"wp:featuredmedia":[{"embeddable":true,"href":"https:\/\/centralmedia.rs\/index.php\/wp-json\/wp\/v2\/media\/42039"}],"wp:attachment":[{"href":"https:\/\/centralmedia.rs\/index.php\/wp-json\/wp\/v2\/media?parent=43068"}],"wp:term":[{"taxonomy":"category","embeddable":true,"href":"https:\/\/centralmedia.rs\/index.php\/wp-json\/wp\/v2\/categories?post=43068"},{"taxonomy":"post_tag","embeddable":true,"href":"https:\/\/centralmedia.rs\/index.php\/wp-json\/wp\/v2\/tags?post=43068"}],"curies":[{"name":"wp","href":"https:\/\/api.w.org\/{rel}","templated":true}]}}