{"id":43073,"date":"2025-06-16T12:12:57","date_gmt":"2025-06-16T10:12:57","guid":{"rendered":"https:\/\/centralmedia.rs\/?p=43073"},"modified":"2025-06-16T12:12:57","modified_gmt":"2025-06-16T10:12:57","slug":"vrednost-palasa-drasticno-umanjena-pred-prodaju-drzava-ima-pravo-prece-kupovine-kulturnih-dobara","status":"publish","type":"post","link":"https:\/\/centralmedia.rs\/index.php\/2025\/06\/16\/vrednost-palasa-drasticno-umanjena-pred-prodaju-drzava-ima-pravo-prece-kupovine-kulturnih-dobara\/","title":{"rendered":"VREDNOST PALASA DRASTI\u010cNO UMANJENA PRED PRODAJU, DR\u017dAVA IMA PRAVO PRE\u010cE KUPOVINE KULTURNIH DOBARA"},"content":{"rendered":"\n<p>\u010cetvrta prodaja AD Palas iz Jagodine, odnosno hotela Jagodina, zakazana je za 9. jul postupkom javnog nametanja po po\u010detnoj ceni od 125 miliona dinara, depozit je 50 miliona dinara. Ovo preduze\u0107a, koje je u ste\u010daju od 2014. godine, sada je ponu\u0111eno kupcima sa drasti\u010dno ni\u017eom cenom vrednosti kapitala. Prva procena kapitala bila je blizu 500 miliona dinara, a postoje\u0107a je pretpostavljamo 250 miliona, ukoliko i dalje va\u017ei pravilo da je po\u010detna cena prodaje iznosi 50 odsto od procenjene vrednosti. O novoj proceni ste\u010dajni upravnik nije informisao medije i javnost. \u0160ta je na prodaju. &nbsp;&nbsp;&nbsp;&nbsp;&nbsp;&nbsp;&nbsp;<\/p>\n\n\n\n<p>&nbsp;Zgrada ugostiteljstva \u2013 Hotel \u201eJagodina\u201c, ukupne neto povr\u0161ine 10.676,89 m2. &nbsp;Objekat ima odobrenje za upotrebu. U vlasni\u0161tvu ste\u010dajnog du\u017enika sa obimom udela 1\/1, sa opremom, sitnim inventarom i zalihama namenjenim za pru\u017eanje usluga u ugostiteljskoj i hotelijerskoj delatnosti, kao i umetni\u010dke slike i skulpture, koje predstavljaju kulturno dobro;<\/p>\n\n\n\n<p>&#8211;&nbsp;&nbsp;&nbsp;&nbsp;&nbsp;&nbsp;&nbsp;&nbsp;&nbsp;&nbsp;&nbsp;&nbsp;&nbsp; Re\u0161enjem Narodnog muzeja u Beogradu br. 288\/49-1 od 01.12.2021. godine o utvr\u0111ivanju svojstva kulturnih dobara progla\u0161ena su dela obuhva\u0107ena imovinom ste\u010dajnog du\u017enika;<\/p>\n\n\n\n<p>&#8211;&nbsp;&nbsp;&nbsp;&nbsp;&nbsp;&nbsp;&nbsp;&nbsp;&nbsp;&nbsp;&nbsp;&nbsp;&nbsp; U slu\u010daju da Republika Srbija kao imalac prava pre\u010de kupovine u skladu sa Zakonom o kulturnom nasle\u0111u (&#8220;Sl. glasnik RS&#8221; br. 129\/21), iskoristi to pravo i prihvati postignutu cenu na javnom nadmetanju, kupoprodajni ugovor \u0107e u tom slu\u010daju biti zaklju\u010den sa Republikom Srbijom, a depoziti vra\u0107eni u\u010desnicima javnog nadmetanja<\/p>\n","protected":false},"excerpt":{"rendered":"<p>\u010cetvrta prodaja AD Palas iz Jagodine, odnosno hotela Jagodina, zakazana je za 9. jul postupkom javnog nametanja po po\u010detnoj ceni od 125 miliona dinara, depozit &hellip; <\/p>\n","protected":false},"author":2,"featured_media":42188,"comment_status":"closed","ping_status":"open","sticky":false,"template":"","format":"standard","meta":{"footnotes":""},"categories":[22,1524,1514,12],"tags":[5097,1749],"_links":{"self":[{"href":"https:\/\/centralmedia.rs\/index.php\/wp-json\/wp\/v2\/posts\/43073"}],"collection":[{"href":"https:\/\/centralmedia.rs\/index.php\/wp-json\/wp\/v2\/posts"}],"about":[{"href":"https:\/\/centralmedia.rs\/index.php\/wp-json\/wp\/v2\/types\/post"}],"author":[{"embeddable":true,"href":"https:\/\/centralmedia.rs\/index.php\/wp-json\/wp\/v2\/users\/2"}],"replies":[{"embeddable":true,"href":"https:\/\/centralmedia.rs\/index.php\/wp-json\/wp\/v2\/comments?post=43073"}],"version-history":[{"count":1,"href":"https:\/\/centralmedia.rs\/index.php\/wp-json\/wp\/v2\/posts\/43073\/revisions"}],"predecessor-version":[{"id":43074,"href":"https:\/\/centralmedia.rs\/index.php\/wp-json\/wp\/v2\/posts\/43073\/revisions\/43074"}],"wp:featuredmedia":[{"embeddable":true,"href":"https:\/\/centralmedia.rs\/index.php\/wp-json\/wp\/v2\/media\/42188"}],"wp:attachment":[{"href":"https:\/\/centralmedia.rs\/index.php\/wp-json\/wp\/v2\/media?parent=43073"}],"wp:term":[{"taxonomy":"category","embeddable":true,"href":"https:\/\/centralmedia.rs\/index.php\/wp-json\/wp\/v2\/categories?post=43073"},{"taxonomy":"post_tag","embeddable":true,"href":"https:\/\/centralmedia.rs\/index.php\/wp-json\/wp\/v2\/tags?post=43073"}],"curies":[{"name":"wp","href":"https:\/\/api.w.org\/{rel}","templated":true}]}}