{"id":43075,"date":"2025-06-16T12:14:09","date_gmt":"2025-06-16T10:14:09","guid":{"rendered":"https:\/\/centralmedia.rs\/?p=43075"},"modified":"2025-06-16T12:14:10","modified_gmt":"2025-06-16T10:14:10","slug":"ko-je-profitirao-od-studentskih-i-profesorskih-blokada","status":"publish","type":"post","link":"https:\/\/centralmedia.rs\/index.php\/2025\/06\/16\/ko-je-profitirao-od-studentskih-i-profesorskih-blokada\/","title":{"rendered":"KO JE PROFITIRAO OD STUDENTSKIH I PROFESORSKIH BLOKADA"},"content":{"rendered":"\n<p>ZA TRE\u0106INU VE\u0106E INTERESOVANJE ZA UPIS NA PRIVATNE FAKULTETE<\/p>\n\n\n\n<p>Za tre\u0107inu je ve\u0107e interesovanje svr\u0161enih srednjo\u0161kolaca za upis na privatne fakultete nego pro\u0161le godine, saop\u0161tavaju iz Centra za obrazovanje iz Jagodine i najavljuju prijemne ispite na 20 fakulteta u Srbiji i Republici Srpskoj sa kojima sara\u0111uju krajem juna i po\u010detkom jula. Na Fakultetu pedago\u0161kih nauka u Jagodini ka\u017eu da Vlada Srbije nije odredila kvote za upis novih studenata, da su realizovali pripremnu nastavu i probni prijemni ispit uz u\u010de\u0161\u0107e ve\u0107eg broja zainteresovanih nego ranijih godina.<\/p>\n\n\n\n<p>Iz prilo\u017eenog se vidi da su privatni fakulteti, koji su podr\u017eali studente i normalno radili, u velikoj prednosti u odnosu na dr\u017eavne koji ne znaju ni kada je upis novih studenata, obavljaju neki vid onlajn nastave, ali ne znaju ni kada \u0107e postoje\u0107im studentima omogu\u0107iti &nbsp;polaganje ispita.<\/p>\n\n\n\n<p>-Privatni fakulteti nisu stupali u\u0161trajk, podr\u017eavali su svoje studente, tako da su objavili upisne kvote i konkurse.&nbsp; Prijemni ispiti na 20 fakulteta u Beogradu, Ni\u0161u, Bjeljini&#8230; bi\u0107e odr\u017eani u krajem juna i po\u010detkom jula. Centar za obrazovanje sa tim faukletima sara\u0111uje i vr\u0161i upis novih studenata. Tako\u0111e, prelaz sa dr\u017eavnih fakulteta gde su studenti zastali sa studijama mogu da se prebace na iste ili sli\u010dne studijske programe. Veliki je broj studenata koji prelaze sa dr\u017eavnih na privatne fakultete, roditelji su upla\u0161eni i nedoumici zbog ove situacije, jer se ne zna da li \u0107e dr\u017eavni fakulteti raspisati konkurs za upis novih studenata. Interesovanje za upis je ve\u0107e za tre\u0107inu u odnosu na pro\u0161lu godinu, a za prelaze je daleko ve\u0107e. Ranije su prelazili studenti koji su zastali sa studijama, a sada imamo interesovanje aktivnih studenata, ka\u017ee &nbsp;Jelena Anti\u0107 iz Centra za obrazovanje.<\/p>\n\n\n\n<p>Privatni fakulteti nisu pove\u0107avali cene za novu \u0161kolsku godinu. &nbsp;&nbsp;&nbsp;&nbsp;<\/p>\n","protected":false},"excerpt":{"rendered":"<p>ZA TRE\u0106INU VE\u0106E INTERESOVANJE ZA UPIS NA PRIVATNE FAKULTETE Za tre\u0107inu je ve\u0107e interesovanje svr\u0161enih srednjo\u0161kolaca za upis na privatne fakultete nego pro\u0161le godine, saop\u0161tavaju &hellip; <\/p>\n","protected":false},"author":2,"featured_media":43076,"comment_status":"closed","ping_status":"open","sticky":false,"template":"","format":"standard","meta":{"footnotes":""},"categories":[14,1524,2,1514,12],"tags":[6995,58,843],"_links":{"self":[{"href":"https:\/\/centralmedia.rs\/index.php\/wp-json\/wp\/v2\/posts\/43075"}],"collection":[{"href":"https:\/\/centralmedia.rs\/index.php\/wp-json\/wp\/v2\/posts"}],"about":[{"href":"https:\/\/centralmedia.rs\/index.php\/wp-json\/wp\/v2\/types\/post"}],"author":[{"embeddable":true,"href":"https:\/\/centralmedia.rs\/index.php\/wp-json\/wp\/v2\/users\/2"}],"replies":[{"embeddable":true,"href":"https:\/\/centralmedia.rs\/index.php\/wp-json\/wp\/v2\/comments?post=43075"}],"version-history":[{"count":1,"href":"https:\/\/centralmedia.rs\/index.php\/wp-json\/wp\/v2\/posts\/43075\/revisions"}],"predecessor-version":[{"id":43077,"href":"https:\/\/centralmedia.rs\/index.php\/wp-json\/wp\/v2\/posts\/43075\/revisions\/43077"}],"wp:featuredmedia":[{"embeddable":true,"href":"https:\/\/centralmedia.rs\/index.php\/wp-json\/wp\/v2\/media\/43076"}],"wp:attachment":[{"href":"https:\/\/centralmedia.rs\/index.php\/wp-json\/wp\/v2\/media?parent=43075"}],"wp:term":[{"taxonomy":"category","embeddable":true,"href":"https:\/\/centralmedia.rs\/index.php\/wp-json\/wp\/v2\/categories?post=43075"},{"taxonomy":"post_tag","embeddable":true,"href":"https:\/\/centralmedia.rs\/index.php\/wp-json\/wp\/v2\/tags?post=43075"}],"curies":[{"name":"wp","href":"https:\/\/api.w.org\/{rel}","templated":true}]}}