{"id":43103,"date":"2025-06-19T17:49:47","date_gmt":"2025-06-19T15:49:47","guid":{"rendered":"https:\/\/centralmedia.rs\/?p=43103"},"modified":"2025-06-19T17:49:47","modified_gmt":"2025-06-19T15:49:47","slug":"sest-miliona-za-sanaciju-zgrade-u-majora-gavrilovica-9-radovi-na-objektu-u-punom-jeku","status":"publish","type":"post","link":"https:\/\/centralmedia.rs\/index.php\/2025\/06\/19\/sest-miliona-za-sanaciju-zgrade-u-majora-gavrilovica-9-radovi-na-objektu-u-punom-jeku\/","title":{"rendered":"\u0160EST MILIONA ZA SANACIJU ZGRADE U MAJORA GAVRILOVI\u0106A 9: Radovi na objektu u punom jeku"},"content":{"rendered":"\n<p>Na osnovu Javnog poziva, koji je Op\u0161tina Para\u0107in, preko Op\u0161tinske stambene agencije uputila Stambenim zajednicama na teritoriji op\u0161tine Para\u0107in, za dobijanje beskamatnih finansijskih sredstava u cilju unapre\u0111enja odr\u017eivog razvoja stanovanja, Stambena zajednica u Majora Gavrilovi\u0107a broj 9 ispunila je sve uslove i dobila 6 miliona dinara za sanaciju zgrade.<\/p>\n\n\n\n<figure class=\"wp-block-image size-large\"><img loading=\"lazy\" decoding=\"async\" width=\"576\" height=\"1024\" src=\"https:\/\/centralmedia.rs\/wp-content\/uploads\/2025\/06\/zgrada3-576x1024.jpg\" alt=\"\" class=\"wp-image-43105\" srcset=\"https:\/\/centralmedia.rs\/wp-content\/uploads\/2025\/06\/zgrada3-576x1024.jpg 576w, https:\/\/centralmedia.rs\/wp-content\/uploads\/2025\/06\/zgrada3-169x300.jpg 169w, https:\/\/centralmedia.rs\/wp-content\/uploads\/2025\/06\/zgrada3-768x1365.jpg 768w, https:\/\/centralmedia.rs\/wp-content\/uploads\/2025\/06\/zgrada3-864x1536.jpg 864w, https:\/\/centralmedia.rs\/wp-content\/uploads\/2025\/06\/zgrada3.jpg 900w\" sizes=\"(max-width: 576px) 100vw, 576px\" \/><\/figure>\n\n\n\n<p>U zgradi se radi na ru\u0161enju me\u0111uspratnih plo\u010da i izlivanje novih. Ju\u010de je zavr\u0161ena plo\u010da na 3. spratu, a radovi koji \u0107e biti nastavljeni i narednom periodu obuhvataju i oja\u010davanje 2 nose\u0107a stuba, \u010deli\u010dnom konstrukcijom, ru\u0161enje o\u0161te\u0107enih zidova, kao i sanaciju o\u0161te\u0107enih terasa.<\/p>\n\n\n\n<p>U eksploziji plina u februaru 2024 godine u toj zgradi u Para\u0107inu, poginula je tridesetsedmogodi\u0161nja Ana Stojanovi\u0107. Zgrada je demolirana i nebezbedna, 21 porodica je ugro\u017eena. Ve\u0107ina nije u poziciji da sanira strukturna o\u0161te\u0107enja. Procenjena vrednost radova je 160 hiljada evra, organizovano je donatorsko ve\u010de &nbsp;na kome su privrednici prikupljali sredstva za rekonsrukciju zgrade.<\/p>\n","protected":false},"excerpt":{"rendered":"<p>Na osnovu Javnog poziva, koji je Op\u0161tina Para\u0107in, preko Op\u0161tinske stambene agencije uputila Stambenim zajednicama na teritoriji op\u0161tine Para\u0107in, za dobijanje beskamatnih finansijskih sredstava u &hellip; <\/p>\n","protected":false},"author":2,"featured_media":43104,"comment_status":"closed","ping_status":"open","sticky":false,"template":"","format":"standard","meta":{"footnotes":""},"categories":[1524,2,1516,13,12],"tags":[156,4349],"_links":{"self":[{"href":"https:\/\/centralmedia.rs\/index.php\/wp-json\/wp\/v2\/posts\/43103"}],"collection":[{"href":"https:\/\/centralmedia.rs\/index.php\/wp-json\/wp\/v2\/posts"}],"about":[{"href":"https:\/\/centralmedia.rs\/index.php\/wp-json\/wp\/v2\/types\/post"}],"author":[{"embeddable":true,"href":"https:\/\/centralmedia.rs\/index.php\/wp-json\/wp\/v2\/users\/2"}],"replies":[{"embeddable":true,"href":"https:\/\/centralmedia.rs\/index.php\/wp-json\/wp\/v2\/comments?post=43103"}],"version-history":[{"count":1,"href":"https:\/\/centralmedia.rs\/index.php\/wp-json\/wp\/v2\/posts\/43103\/revisions"}],"predecessor-version":[{"id":43106,"href":"https:\/\/centralmedia.rs\/index.php\/wp-json\/wp\/v2\/posts\/43103\/revisions\/43106"}],"wp:featuredmedia":[{"embeddable":true,"href":"https:\/\/centralmedia.rs\/index.php\/wp-json\/wp\/v2\/media\/43104"}],"wp:attachment":[{"href":"https:\/\/centralmedia.rs\/index.php\/wp-json\/wp\/v2\/media?parent=43103"}],"wp:term":[{"taxonomy":"category","embeddable":true,"href":"https:\/\/centralmedia.rs\/index.php\/wp-json\/wp\/v2\/categories?post=43103"},{"taxonomy":"post_tag","embeddable":true,"href":"https:\/\/centralmedia.rs\/index.php\/wp-json\/wp\/v2\/tags?post=43103"}],"curies":[{"name":"wp","href":"https:\/\/api.w.org\/{rel}","templated":true}]}}