{"id":43125,"date":"2025-06-20T15:50:23","date_gmt":"2025-06-20T13:50:23","guid":{"rendered":"https:\/\/centralmedia.rs\/?p=43125"},"modified":"2025-06-20T15:50:24","modified_gmt":"2025-06-20T13:50:24","slug":"letnja-sezona-na-torniku-je-otvorena","status":"publish","type":"post","link":"https:\/\/centralmedia.rs\/index.php\/2025\/06\/20\/letnja-sezona-na-torniku-je-otvorena\/","title":{"rendered":"LETNJA SEZONA NA TORNIKU JE OTVORENA"},"content":{"rendered":"\n<p>Otvorena je letnja sezona na Torniku, a svi posetioci imali su priliku da u\u017eivaju u bezbroj besplatnih sadr\u017eaja u okviru Ski centra \u201eTornik\u201c.&nbsp; Prisutnim medijama na otvaranju planinskog centra Tornik obratio se rukovodilac ovog centra Branko Blagojevi\u0107 koji je rekao da je sve spremno za po\u010detak jo\u0161 jedne letnje sezone. \u201eKao i prethodnih godina i ove nas u podno\u017eju Tornika o\u010dekuje bezbroj sadr\u017eaja, kao \u0161to su bob na \u0161inama, panoramsko razgledanje \u017ei\u010darom, bicikli, ve\u0161ta\u010dka stena, zip lajn\u201c, naveo je Blagojevi\u0107.<\/p>\n\n\n\n<p>Ljubitelji avanture i adrenalina mogli su da se oprobaju u zip lajnu, da se provozaju bobom na \u0161inama, oprobaju svoje ve\u0161tine u penjanju na ve\u0161ta\u010dku stenu, ali i u\u017eivaju u E-bike avanturi, vo\u017enji planinskim kartom, planinskim biciklama i mnogim drugim sadr\u017eajima. Svi ovi sadr\u017eaji bi\u0107e dostupni posetiocima Ski centra \u201eTornik\u201c i tokom \u010ditave letnje sezone. Radno vreme je od 10 do 17 \u010dasova.<\/p>\n\n\n\n<p>Jelica To\u0161i\u0107 iz Turisti\u010dke organizacije Zlatibor rekla je da Zlatibor u svako doba godine do\u010dekuje goste ra\u0161irenih ruku i uvek spremi neki novi turisti\u010dki sadr\u017eaj. \u201e Pored sadr\u017eaja u okviru ski centra Tornik, ljubiteljima avanture na planini su dostupne pe\u0161a\u010dke i biciklisti\u010dke staze, vo\u017enja kvadovima, zip lajnom, paraglajdingom, kao i vo\u017enja najdu\u017eom panoramskom gondolom.\u201c Ona je tako\u0111e naglasila da \u0107e na Zlatiboru biti odr\u017ean veliki broj manifestacija, kako na letnjoj pozornici na Kral\u01f0evom trgu, tako i \u0161irom zlatiborskih sela. Navela je da \u0107e letnji program obogatiti i edukativne i zabavne radionice namenjene pre svega najmla\u0111im posetiocima.<\/p>\n\n\n\n<p>Otvaranje sezone dodatno je oboga\u0107eno jedinstvenom sportskom manifestacijom \u201eTornik race\u201c \u010diji je cilj bio da spoji turizam, sport i ekologiju, a koja je organizovana u saradnji Skijali\u0161ta Srbije, Op\u0161tine \u010cajetina, Turisti\u010dke organizacije Zlatibor i Parka prirode Zlatibor.<\/p>\n","protected":false},"excerpt":{"rendered":"<p>Otvorena je letnja sezona na Torniku, a svi posetioci imali su priliku da u\u017eivaju u bezbroj besplatnih sadr\u017eaja u okviru Ski centra \u201eTornik\u201c.&nbsp; Prisutnim medijama &hellip; <\/p>\n","protected":false},"author":2,"featured_media":43126,"comment_status":"closed","ping_status":"open","sticky":false,"template":"","format":"standard","meta":{"footnotes":""},"categories":[2875,1524,2,23,3054],"tags":[2961,2876],"_links":{"self":[{"href":"https:\/\/centralmedia.rs\/index.php\/wp-json\/wp\/v2\/posts\/43125"}],"collection":[{"href":"https:\/\/centralmedia.rs\/index.php\/wp-json\/wp\/v2\/posts"}],"about":[{"href":"https:\/\/centralmedia.rs\/index.php\/wp-json\/wp\/v2\/types\/post"}],"author":[{"embeddable":true,"href":"https:\/\/centralmedia.rs\/index.php\/wp-json\/wp\/v2\/users\/2"}],"replies":[{"embeddable":true,"href":"https:\/\/centralmedia.rs\/index.php\/wp-json\/wp\/v2\/comments?post=43125"}],"version-history":[{"count":1,"href":"https:\/\/centralmedia.rs\/index.php\/wp-json\/wp\/v2\/posts\/43125\/revisions"}],"predecessor-version":[{"id":43127,"href":"https:\/\/centralmedia.rs\/index.php\/wp-json\/wp\/v2\/posts\/43125\/revisions\/43127"}],"wp:featuredmedia":[{"embeddable":true,"href":"https:\/\/centralmedia.rs\/index.php\/wp-json\/wp\/v2\/media\/43126"}],"wp:attachment":[{"href":"https:\/\/centralmedia.rs\/index.php\/wp-json\/wp\/v2\/media?parent=43125"}],"wp:term":[{"taxonomy":"category","embeddable":true,"href":"https:\/\/centralmedia.rs\/index.php\/wp-json\/wp\/v2\/categories?post=43125"},{"taxonomy":"post_tag","embeddable":true,"href":"https:\/\/centralmedia.rs\/index.php\/wp-json\/wp\/v2\/tags?post=43125"}],"curies":[{"name":"wp","href":"https:\/\/api.w.org\/{rel}","templated":true}]}}