{"id":43135,"date":"2025-06-24T00:10:52","date_gmt":"2025-06-23T22:10:52","guid":{"rendered":"https:\/\/centralmedia.rs\/?p=43135"},"modified":"2025-06-24T00:10:53","modified_gmt":"2025-06-23T22:10:53","slug":"koncert-sase-matica-28-juna-u-paracinu","status":"publish","type":"post","link":"https:\/\/centralmedia.rs\/index.php\/2025\/06\/24\/koncert-sase-matica-28-juna-u-paracinu\/","title":{"rendered":"KONCERT SA\u0160E MATI\u0106A 28. JUNA U PARA\u0106INU"},"content":{"rendered":"\n<p>Para\u0107inska Turisti\u010dka organizacija pod pokroviteljstvom op\u0161tine Para\u0107in, organizuje koncert Sa\u0161e Mati\u0107a, 28. juna u centru Para\u0107ina. Ljubitelji dobre muzike, ima\u0107e priliku da u\u017eivaju u hitovima jednog od najpopularnijih folk peva\u010da. Po\u010detak koncerta je zakazan za 21 sat.<\/p>\n\n\n\n<figure class=\"wp-block-image size-large\"><img loading=\"lazy\" decoding=\"async\" width=\"724\" height=\"1024\" src=\"http:\/\/centralmedia.rs\/wp-content\/uploads\/2025\/05\/sasa-matic-724x1024.jpg\" alt=\"\" class=\"wp-image-42593\" srcset=\"https:\/\/centralmedia.rs\/wp-content\/uploads\/2025\/05\/sasa-matic-724x1024.jpg 724w, https:\/\/centralmedia.rs\/wp-content\/uploads\/2025\/05\/sasa-matic-212x300.jpg 212w, https:\/\/centralmedia.rs\/wp-content\/uploads\/2025\/05\/sasa-matic-768x1086.jpg 768w, https:\/\/centralmedia.rs\/wp-content\/uploads\/2025\/05\/sasa-matic-1086x1536.jpg 1086w, https:\/\/centralmedia.rs\/wp-content\/uploads\/2025\/05\/sasa-matic.jpg 1131w\" sizes=\"(max-width: 724px) 100vw, 724px\" \/><\/figure>\n\n\n\n<p>VIDOVDANSKI VA\u0160AR U CENTRU GRADA<\/p>\n\n\n\n<p>Drugi ovogodi\u0161nji va\u0161ar u Para\u0107anu bi\u0107e organizovan za Vidovdan 28. juna u Ulici Vo\u017eda Kara\u0111or\u0111a, a obuhvati\u0107e i deo Francuske ulice do kru\u017enog toka i Kneza Mihajla do Cerske ulice. Predvi\u0111eno je da bude vi\u0161e od 500 tezgi isti\u010du iz JKP &#8220;Crnica&#8221; Para\u0107in. Iz ovog preduze\u0107a apeluju na sve vlasnike automobila da na vreme uklone svoja vozila koja se nalaze na ovoj trasi, zbog planirane monta\u017ee konstrukcija za odr\u017eavanje va\u0161ara. &nbsp;Nakon zavr\u0161etka va\u0161ara u ve\u010dernjim satima ekipe Komunalnog o\u010disti\u0107e ulice i prostor gde se va\u0161ar odr\u017eavao.<\/p>\n","protected":false},"excerpt":{"rendered":"<p>Para\u0107inska Turisti\u010dka organizacija pod pokroviteljstvom op\u0161tine Para\u0107in, organizuje koncert Sa\u0161e Mati\u0107a, 28. juna u centru Para\u0107ina. Ljubitelji dobre muzike, ima\u0107e priliku da u\u017eivaju u hitovima &hellip; <\/p>\n","protected":false},"author":2,"featured_media":42593,"comment_status":"closed","ping_status":"open","sticky":false,"template":"","format":"standard","meta":{"footnotes":""},"categories":[1524,23,1516,3055],"tags":[156,7002],"_links":{"self":[{"href":"https:\/\/centralmedia.rs\/index.php\/wp-json\/wp\/v2\/posts\/43135"}],"collection":[{"href":"https:\/\/centralmedia.rs\/index.php\/wp-json\/wp\/v2\/posts"}],"about":[{"href":"https:\/\/centralmedia.rs\/index.php\/wp-json\/wp\/v2\/types\/post"}],"author":[{"embeddable":true,"href":"https:\/\/centralmedia.rs\/index.php\/wp-json\/wp\/v2\/users\/2"}],"replies":[{"embeddable":true,"href":"https:\/\/centralmedia.rs\/index.php\/wp-json\/wp\/v2\/comments?post=43135"}],"version-history":[{"count":1,"href":"https:\/\/centralmedia.rs\/index.php\/wp-json\/wp\/v2\/posts\/43135\/revisions"}],"predecessor-version":[{"id":43136,"href":"https:\/\/centralmedia.rs\/index.php\/wp-json\/wp\/v2\/posts\/43135\/revisions\/43136"}],"wp:featuredmedia":[{"embeddable":true,"href":"https:\/\/centralmedia.rs\/index.php\/wp-json\/wp\/v2\/media\/42593"}],"wp:attachment":[{"href":"https:\/\/centralmedia.rs\/index.php\/wp-json\/wp\/v2\/media?parent=43135"}],"wp:term":[{"taxonomy":"category","embeddable":true,"href":"https:\/\/centralmedia.rs\/index.php\/wp-json\/wp\/v2\/categories?post=43135"},{"taxonomy":"post_tag","embeddable":true,"href":"https:\/\/centralmedia.rs\/index.php\/wp-json\/wp\/v2\/tags?post=43135"}],"curies":[{"name":"wp","href":"https:\/\/api.w.org\/{rel}","templated":true}]}}