{"id":43153,"date":"2025-06-23T16:46:46","date_gmt":"2025-06-23T14:46:46","guid":{"rendered":"https:\/\/centralmedia.rs\/?p=43153"},"modified":"2025-06-26T16:47:46","modified_gmt":"2025-06-26T14:47:46","slug":"arsenal-fest-2025","status":"publish","type":"post","link":"https:\/\/centralmedia.rs\/index.php\/2025\/06\/23\/arsenal-fest-2025\/","title":{"rendered":"ARSENAL FEST 2025."},"content":{"rendered":"\n<p>Arsenal Fest ove godine obele\u017eava veliki jubilej \u2013 15 godina postojanja. U prepoznatljivom industrijskom ambijentu nekada\u0161nje topionice, na Trgu <a><\/a>Topolivaca 4 u srcu \u0160umadije, festival jo\u0161 jednom donosi mo\u0107nu kombinaciju svetske i regionalne muzi\u010dke scene. Vi\u0161e od 50 izvo\u0111a\u010da nastupi\u0107e na tri bine \u2013 me\u0111u njima i globalne zvezde kao \u0161to su&nbsp;Massive Attack, Faithless i Michael Kiwanuka, ali i najtra\u017eeniji regionalni izvo\u0111a\u010di poput&nbsp;Joker Out, Senidah, Darko Rundek i Bu\u010d Kesidi. Mnogi ve\u0107 nazivaju ovogodi\u0161nji program najboljim do sada \u2013 \u010dime se jubilej ne samo proslavlja, ve\u0107 i potvr\u0111uje svoj kultni status u regionu.<\/p>\n\n\n\n<p>Kako bi omogu\u0107ili posetiocima \u0161to prijatniji boravak na festivalu, organizatori su u nastavku pripremili korisne servisne informacije, sve na jednom mestu, kako bi ovaj, 15. po redu Arsenal fest, ostao svima u najlep\u0161em se\u0107anju. Arsenal fest od 26. do 28. juna u Kne\u017eevom arsenalu u Kragujevcu.<\/p>\n\n\n\n<p><a href=\"https:\/\/www.facebook.com\/photo\/?fbid=733807502502884&amp;set=pcb.733807559169545&amp;__cft__[0]=AZW_AHJMFXqDlg7rQgytjACiq9cKRauVqFXBojq5LPi5k06BI9Xq4D5rXEgaEMvJU5zboJ6p4fTPqKPimFyUe01xTBSOemCzHj__Z466Qrd0w-4YxlaBERm_wVK6SW87ACd1RLqZnbvqUlmRn0L3Fp0WL074gq-StQvuzaiT0-fJDVlJMxNQq0O9RH-XrscZ5dg&amp;__tn__=*b0H-R\"><\/a><\/p>\n\n\n\n<figure class=\"wp-block-image\"><a href=\"https:\/\/www.facebook.com\/photo\/?fbid=733807502502884&amp;set=pcb.733807559169545&amp;__cft__[0]=AZW_AHJMFXqDlg7rQgytjACiq9cKRauVqFXBojq5LPi5k06BI9Xq4D5rXEgaEMvJU5zboJ6p4fTPqKPimFyUe01xTBSOemCzHj__Z466Qrd0w-4YxlaBERm_wVK6SW87ACd1RLqZnbvqUlmRn0L3Fp0WL074gq-StQvuzaiT0-fJDVlJMxNQq0O9RH-XrscZ5dg&amp;__tn__=*b0H-R\"><img decoding=\"async\" src=\"https:\/\/scontent.fbeg4-1.fna.fbcdn.net\/v\/t51.75761-15\/509953031_18466264375073329_1747669432936947190_n.webp?stp=dst-jpg_s600x600_tt6&amp;_nc_cat=100&amp;ccb=1-7&amp;_nc_sid=127cfc&amp;_nc_ohc=hjkjNnjbiJwQ7kNvwGczrl-&amp;_nc_oc=AdnhrxcJQKBGx29HyiksMkfoJeUAyj-berk-nNlbTgSofBgxu2v6OqjXdS_Tjyd1Hqc&amp;_nc_zt=23&amp;_nc_ht=scontent.fbeg4-1.fna&amp;_nc_gid=4km3eq3cpbKKeeMUYjR9ig&amp;oh=00_AfPcF3WfiV94m7CH-5RpGf2Kk2tacNCnmlNEyrXZR6w4vQ&amp;oe=68631EC1\" alt=\"\"\/><\/a><\/figure>\n\n\n\n<p><a href=\"https:\/\/www.facebook.com\/photo\/?fbid=733807509169550&amp;set=pcb.733807559169545&amp;__cft__[0]=AZW_AHJMFXqDlg7rQgytjACiq9cKRauVqFXBojq5LPi5k06BI9Xq4D5rXEgaEMvJU5zboJ6p4fTPqKPimFyUe01xTBSOemCzHj__Z466Qrd0w-4YxlaBERm_wVK6SW87ACd1RLqZnbvqUlmRn0L3Fp0WL074gq-StQvuzaiT0-fJDVlJMxNQq0O9RH-XrscZ5dg&amp;__tn__=*b1H-R\"><\/a><\/p>\n\n\n\n<figure class=\"wp-block-image\"><a href=\"https:\/\/www.facebook.com\/photo\/?fbid=733807509169550&amp;set=pcb.733807559169545&amp;__cft__[0]=AZW_AHJMFXqDlg7rQgytjACiq9cKRauVqFXBojq5LPi5k06BI9Xq4D5rXEgaEMvJU5zboJ6p4fTPqKPimFyUe01xTBSOemCzHj__Z466Qrd0w-4YxlaBERm_wVK6SW87ACd1RLqZnbvqUlmRn0L3Fp0WL074gq-StQvuzaiT0-fJDVlJMxNQq0O9RH-XrscZ5dg&amp;__tn__=*b1H-R\"><img decoding=\"async\" src=\"https:\/\/scontent.fbeg4-1.fna.fbcdn.net\/v\/t51.75761-15\/510957576_18466264384073329_6782286446988825181_n.webp?stp=dst-jpg_s600x600_tt6&amp;_nc_cat=111&amp;ccb=1-7&amp;_nc_sid=127cfc&amp;_nc_ohc=CYgs12t1hFUQ7kNvwGz_tFW&amp;_nc_oc=Adn-df_81CjbhMGXsKFxZXjpVxSTKfDsCaMfaaePf4V4PVKox8HzoLV2C1QIEgX0ckA&amp;_nc_zt=23&amp;_nc_ht=scontent.fbeg4-1.fna&amp;_nc_gid=4km3eq3cpbKKeeMUYjR9ig&amp;oh=00_AfMzgJvbaSZR4twhZb3PiZ3qyxViRqBTmLWfOxEhgQOi9A&amp;oe=6863175E\" alt=\"\"\/><\/a><\/figure>\n\n\n\n<p><a href=\"https:\/\/www.facebook.com\/photo\/?fbid=733807505836217&amp;set=pcb.733807559169545&amp;__cft__[0]=AZW_AHJMFXqDlg7rQgytjACiq9cKRauVqFXBojq5LPi5k06BI9Xq4D5rXEgaEMvJU5zboJ6p4fTPqKPimFyUe01xTBSOemCzHj__Z466Qrd0w-4YxlaBERm_wVK6SW87ACd1RLqZnbvqUlmRn0L3Fp0WL074gq-StQvuzaiT0-fJDVlJMxNQq0O9RH-XrscZ5dg&amp;__tn__=*b2H-R\"><\/a><\/p>\n\n\n\n<figure class=\"wp-block-image\"><a href=\"https:\/\/www.facebook.com\/photo\/?fbid=733807505836217&amp;set=pcb.733807559169545&amp;__cft__[0]=AZW_AHJMFXqDlg7rQgytjACiq9cKRauVqFXBojq5LPi5k06BI9Xq4D5rXEgaEMvJU5zboJ6p4fTPqKPimFyUe01xTBSOemCzHj__Z466Qrd0w-4YxlaBERm_wVK6SW87ACd1RLqZnbvqUlmRn0L3Fp0WL074gq-StQvuzaiT0-fJDVlJMxNQq0O9RH-XrscZ5dg&amp;__tn__=*b2H-R\"><img decoding=\"async\" src=\"https:\/\/scontent.fbeg4-1.fna.fbcdn.net\/v\/t51.75761-15\/506410295_18466264393073329_2628125349702506165_n.webp?stp=dst-jpg_s600x600_tt6&amp;_nc_cat=105&amp;ccb=1-7&amp;_nc_sid=127cfc&amp;_nc_ohc=_rshYxqzdsYQ7kNvwHT2iOX&amp;_nc_oc=AdkQgEqInFMiXZZZvJhpVQXJXLD6H086IHUJYFypLUXQACaNBE0V4whqz6SoKAq2v8Y&amp;_nc_zt=23&amp;_nc_ht=scontent.fbeg4-1.fna&amp;_nc_gid=4km3eq3cpbKKeeMUYjR9ig&amp;oh=00_AfOjzvVz5yz9Lsez1_X70MGvur7XcaOzRphoIyrA2zdF1A&amp;oe=68631360\" alt=\"\"\/><\/a><\/figure>\n\n\n\n<p><a href=\"https:\/\/www.facebook.com\/photo\/?fbid=733807512502883&amp;set=pcb.733807559169545&amp;__cft__[0]=AZW_AHJMFXqDlg7rQgytjACiq9cKRauVqFXBojq5LPi5k06BI9Xq4D5rXEgaEMvJU5zboJ6p4fTPqKPimFyUe01xTBSOemCzHj__Z466Qrd0w-4YxlaBERm_wVK6SW87ACd1RLqZnbvqUlmRn0L3Fp0WL074gq-StQvuzaiT0-fJDVlJMxNQq0O9RH-XrscZ5dg&amp;__tn__=*b3H-R\"><\/a><\/p>\n\n\n\n<figure class=\"wp-block-image\"><a href=\"https:\/\/www.facebook.com\/photo\/?fbid=733807512502883&amp;set=pcb.733807559169545&amp;__cft__[0]=AZW_AHJMFXqDlg7rQgytjACiq9cKRauVqFXBojq5LPi5k06BI9Xq4D5rXEgaEMvJU5zboJ6p4fTPqKPimFyUe01xTBSOemCzHj__Z466Qrd0w-4YxlaBERm_wVK6SW87ACd1RLqZnbvqUlmRn0L3Fp0WL074gq-StQvuzaiT0-fJDVlJMxNQq0O9RH-XrscZ5dg&amp;__tn__=*b3H-R\"><img decoding=\"async\" src=\"https:\/\/scontent.fbeg4-1.fna.fbcdn.net\/v\/t51.75761-15\/504511615_18466264408073329_1178439690614439234_n.webp?stp=dst-jpg_s600x600_tt6&amp;_nc_cat=106&amp;ccb=1-7&amp;_nc_sid=127cfc&amp;_nc_ohc=b776oVLoPvwQ7kNvwE2Z57s&amp;_nc_oc=AdnADe63Ye3g_7hyE6waEZM6QxCIrwhRfBQrZbRxB9nGoB4cxdUh_rqwmVpiBroOd2o&amp;_nc_zt=23&amp;_nc_ht=scontent.fbeg4-1.fna&amp;_nc_gid=4km3eq3cpbKKeeMUYjR9ig&amp;oh=00_AfPb-0q7mtBnO91UcwMg2L40raLiMYSeI_DeCO2WnTXSCg&amp;oe=686342B0\" alt=\"\"\/><\/a><\/figure>\n\n\n\n<p><\/p>\n","protected":false},"excerpt":{"rendered":"<p>Arsenal Fest ove godine obele\u017eava veliki jubilej \u2013 15 godina postojanja. U prepoznatljivom industrijskom ambijentu nekada\u0161nje topionice, na Trgu Topolivaca 4 u srcu \u0160umadije, festival &hellip; <\/p>\n","protected":false},"author":2,"featured_media":43154,"comment_status":"closed","ping_status":"open","sticky":false,"template":"","format":"standard","meta":{"footnotes":""},"categories":[23,3055],"tags":[7045],"_links":{"self":[{"href":"https:\/\/centralmedia.rs\/index.php\/wp-json\/wp\/v2\/posts\/43153"}],"collection":[{"href":"https:\/\/centralmedia.rs\/index.php\/wp-json\/wp\/v2\/posts"}],"about":[{"href":"https:\/\/centralmedia.rs\/index.php\/wp-json\/wp\/v2\/types\/post"}],"author":[{"embeddable":true,"href":"https:\/\/centralmedia.rs\/index.php\/wp-json\/wp\/v2\/users\/2"}],"replies":[{"embeddable":true,"href":"https:\/\/centralmedia.rs\/index.php\/wp-json\/wp\/v2\/comments?post=43153"}],"version-history":[{"count":1,"href":"https:\/\/centralmedia.rs\/index.php\/wp-json\/wp\/v2\/posts\/43153\/revisions"}],"predecessor-version":[{"id":43155,"href":"https:\/\/centralmedia.rs\/index.php\/wp-json\/wp\/v2\/posts\/43153\/revisions\/43155"}],"wp:featuredmedia":[{"embeddable":true,"href":"https:\/\/centralmedia.rs\/index.php\/wp-json\/wp\/v2\/media\/43154"}],"wp:attachment":[{"href":"https:\/\/centralmedia.rs\/index.php\/wp-json\/wp\/v2\/media?parent=43153"}],"wp:term":[{"taxonomy":"category","embeddable":true,"href":"https:\/\/centralmedia.rs\/index.php\/wp-json\/wp\/v2\/categories?post=43153"},{"taxonomy":"post_tag","embeddable":true,"href":"https:\/\/centralmedia.rs\/index.php\/wp-json\/wp\/v2\/tags?post=43153"}],"curies":[{"name":"wp","href":"https:\/\/api.w.org\/{rel}","templated":true}]}}