{"id":43174,"date":"2025-06-28T15:44:18","date_gmt":"2025-06-28T13:44:18","guid":{"rendered":"https:\/\/centralmedia.rs\/?p=43174"},"modified":"2025-06-28T15:45:12","modified_gmt":"2025-06-28T13:45:12","slug":"dan-opstine-svilajnac-4","status":"publish","type":"post","link":"https:\/\/centralmedia.rs\/index.php\/2025\/06\/28\/dan-opstine-svilajnac-4\/","title":{"rendered":"DAN OP\u0160TINE SVILAJNAC"},"content":{"rendered":"\n<p>Dan op\u0161tine Svilajnac obele\u017een je sino\u0107 sve\u010danom akademijom i dodelom priznanja najzaslu\u017enijima u Centru za kulturu.<\/p>\n\n\n\n<figure class=\"wp-block-image size-large\"><img loading=\"lazy\" decoding=\"async\" width=\"1024\" height=\"576\" src=\"https:\/\/centralmedia.rs\/wp-content\/uploads\/2025\/06\/dan-opstine2-1024x576.jpg\" alt=\"\" class=\"wp-image-43178\" srcset=\"https:\/\/centralmedia.rs\/wp-content\/uploads\/2025\/06\/dan-opstine2-1024x576.jpg 1024w, https:\/\/centralmedia.rs\/wp-content\/uploads\/2025\/06\/dan-opstine2-300x169.jpg 300w, https:\/\/centralmedia.rs\/wp-content\/uploads\/2025\/06\/dan-opstine2-768x432.jpg 768w, https:\/\/centralmedia.rs\/wp-content\/uploads\/2025\/06\/dan-opstine2-820x460.jpg 820w, https:\/\/centralmedia.rs\/wp-content\/uploads\/2025\/06\/dan-opstine2-1260x710.jpg 1260w, https:\/\/centralmedia.rs\/wp-content\/uploads\/2025\/06\/dan-opstine2.jpg 1440w\" sizes=\"(max-width: 1024px) 100vw, 1024px\" \/><\/figure>\n\n\n\n<figure class=\"wp-block-image size-large\"><img loading=\"lazy\" decoding=\"async\" width=\"1024\" height=\"576\" src=\"https:\/\/centralmedia.rs\/wp-content\/uploads\/2025\/06\/dan-opstine-1-1024x576.jpg\" alt=\"\" class=\"wp-image-43179\" srcset=\"https:\/\/centralmedia.rs\/wp-content\/uploads\/2025\/06\/dan-opstine-1-1024x576.jpg 1024w, https:\/\/centralmedia.rs\/wp-content\/uploads\/2025\/06\/dan-opstine-1-300x169.jpg 300w, https:\/\/centralmedia.rs\/wp-content\/uploads\/2025\/06\/dan-opstine-1-768x432.jpg 768w, https:\/\/centralmedia.rs\/wp-content\/uploads\/2025\/06\/dan-opstine-1-820x460.jpg 820w, https:\/\/centralmedia.rs\/wp-content\/uploads\/2025\/06\/dan-opstine-1-1260x710.jpg 1260w, https:\/\/centralmedia.rs\/wp-content\/uploads\/2025\/06\/dan-opstine-1.jpg 1440w\" sizes=\"(max-width: 1024px) 100vw, 1024px\" \/><\/figure>\n\n\n\n<p> Predsednik te op\u0161tine Predrag Milanovi\u0107 istakao je da je protekla godina istorijska za Op\u0161tinu Svilajnac jer je ura\u0111eno 72 kilometra kanalizacione mre\u017ee, zapo\u010det projekat vodosnabdevanja op\u0161tine, rekordna rekonstrukcija putne infrastrukture, 43 kilometra regionalnih i lokalnih pravaca. Ali je najavio re\u0161avanje dva velika izazova most preko Velike Morave i TE Morava.<\/p>\n\n\n\n<p><\/p>\n","protected":false},"excerpt":{"rendered":"<p>Dan op\u0161tine Svilajnac obele\u017een je sino\u0107 sve\u010danom akademijom i dodelom priznanja najzaslu\u017enijima u Centru za kulturu. Predsednik te op\u0161tine Predrag Milanovi\u0107 istakao je da je &hellip; <\/p>\n","protected":false},"author":2,"featured_media":43175,"comment_status":"closed","ping_status":"open","sticky":false,"template":"","format":"standard","meta":{"footnotes":""},"categories":[1524,2,13,12,1517],"tags":[6570,38],"_links":{"self":[{"href":"https:\/\/centralmedia.rs\/index.php\/wp-json\/wp\/v2\/posts\/43174"}],"collection":[{"href":"https:\/\/centralmedia.rs\/index.php\/wp-json\/wp\/v2\/posts"}],"about":[{"href":"https:\/\/centralmedia.rs\/index.php\/wp-json\/wp\/v2\/types\/post"}],"author":[{"embeddable":true,"href":"https:\/\/centralmedia.rs\/index.php\/wp-json\/wp\/v2\/users\/2"}],"replies":[{"embeddable":true,"href":"https:\/\/centralmedia.rs\/index.php\/wp-json\/wp\/v2\/comments?post=43174"}],"version-history":[{"count":2,"href":"https:\/\/centralmedia.rs\/index.php\/wp-json\/wp\/v2\/posts\/43174\/revisions"}],"predecessor-version":[{"id":43180,"href":"https:\/\/centralmedia.rs\/index.php\/wp-json\/wp\/v2\/posts\/43174\/revisions\/43180"}],"wp:featuredmedia":[{"embeddable":true,"href":"https:\/\/centralmedia.rs\/index.php\/wp-json\/wp\/v2\/media\/43175"}],"wp:attachment":[{"href":"https:\/\/centralmedia.rs\/index.php\/wp-json\/wp\/v2\/media?parent=43174"}],"wp:term":[{"taxonomy":"category","embeddable":true,"href":"https:\/\/centralmedia.rs\/index.php\/wp-json\/wp\/v2\/categories?post=43174"},{"taxonomy":"post_tag","embeddable":true,"href":"https:\/\/centralmedia.rs\/index.php\/wp-json\/wp\/v2\/tags?post=43174"}],"curies":[{"name":"wp","href":"https:\/\/api.w.org\/{rel}","templated":true}]}}