{"id":43193,"date":"2025-06-28T15:49:55","date_gmt":"2025-06-28T13:49:55","guid":{"rendered":"https:\/\/centralmedia.rs\/?p=43193"},"modified":"2025-06-28T15:49:55","modified_gmt":"2025-06-28T13:49:55","slug":"vidovdanski-dani-dijaspore-na-zlatiboru","status":"publish","type":"post","link":"https:\/\/centralmedia.rs\/index.php\/2025\/06\/28\/vidovdanski-dani-dijaspore-na-zlatiboru\/","title":{"rendered":"Vidovdanski dani dijaspore na Zlatiboru"},"content":{"rendered":"\n<p>Pozivam na\u0161e sunarodnike iz dijsapore da znanja i ve\u0161tine koje su stekli \u0161irom sveta donesu sa sobom u svoju domovinu i da zajedno razvijemo na\u0161u otad\u017ebinu; Op\u0161tina \u010cajetina \u0107e vam svima biti na usluzi bilo da svoja sredstva investirate u projekte na Zlatiboru, bilo da zajedni\u010dki razijamo projekte, rekao je predsednik Op\u0161tine \u010cajetina Milan Stamnatovi\u0107 na otvaranju dvodnevne manifestacije \u201cJedinstvo i snaga &#8211; Srbija\u201d koja se odr\u017eava na Zlatiboru. Ministar bez portfelja zadu\u017een za dijasporu, \u0110or\u0111e Mili\u0107evi\u0107, se u ime organizatora zahvalio u\u010desnicima skupa \u0161to su ambasadori dr\u017eave Srbije \u0161irom sveta.<\/p>\n\n\n\n<figure class=\"wp-block-gallery has-nested-images columns-default is-cropped wp-block-gallery-1 is-layout-flex wp-block-gallery-is-layout-flex\">\n<figure class=\"wp-block-image size-large\"><img loading=\"lazy\" decoding=\"async\" width=\"320\" height=\"239\" data-id=\"43196\" src=\"https:\/\/centralmedia.rs\/wp-content\/uploads\/2025\/06\/\u0414\u0430\u043d\u0438-\u0434\u0438\u0458\u0430\u0441\u043f\u043e\u0440\u0435-01.jpeg\" alt=\"\" class=\"wp-image-43196\" srcset=\"https:\/\/centralmedia.rs\/wp-content\/uploads\/2025\/06\/\u0414\u0430\u043d\u0438-\u0434\u0438\u0458\u0430\u0441\u043f\u043e\u0440\u0435-01.jpeg 320w, https:\/\/centralmedia.rs\/wp-content\/uploads\/2025\/06\/\u0414\u0430\u043d\u0438-\u0434\u0438\u0458\u0430\u0441\u043f\u043e\u0440\u0435-01-300x224.jpeg 300w\" sizes=\"(max-width: 320px) 100vw, 320px\" \/><\/figure>\n\n\n\n<figure class=\"wp-block-image size-large\"><img loading=\"lazy\" decoding=\"async\" width=\"320\" height=\"240\" data-id=\"43195\" src=\"https:\/\/centralmedia.rs\/wp-content\/uploads\/2025\/06\/\u0414\u0430\u043d\u0438-\u0434\u0438\u0458\u0430\u0441\u043f\u043e\u0440\u0435-02.jpeg\" alt=\"\" class=\"wp-image-43195\" srcset=\"https:\/\/centralmedia.rs\/wp-content\/uploads\/2025\/06\/\u0414\u0430\u043d\u0438-\u0434\u0438\u0458\u0430\u0441\u043f\u043e\u0440\u0435-02.jpeg 320w, https:\/\/centralmedia.rs\/wp-content\/uploads\/2025\/06\/\u0414\u0430\u043d\u0438-\u0434\u0438\u0458\u0430\u0441\u043f\u043e\u0440\u0435-02-300x225.jpeg 300w\" sizes=\"(max-width: 320px) 100vw, 320px\" \/><\/figure>\n<\/figure>\n\n\n\n<p>\u201eSrbija vidi svoju dijasporu kao ravnopravnog partnera u svom napretku. Va\u0161e znanje, va\u0161e ideje, va\u0161a poslovna mre\u017ea, sve to je deo na\u0161eg nacionalnog bogatstva. Sve je vi\u0161e uspe\u0161nih pojedinaca iz dijaspore koji se vra\u0107aju i povezuju sa maticom da bi preneli tehnologije, okrenuli biznise i pokrenuli kapital.\u201c, rekao je ministar Mili\u0107evi\u0107.<\/p>\n\n\n\n<p>Prvog dana okupljanja dijaspore, povodom Vidovdana, na Zlatiboru \u0107e se razgovarati o privrednim potencijalima Republike srbije EKSPO 2027, inovacijama, poslovnim prilikama i potencijalima za saradnju sa razli\u010ditim sektorima, kao i o vezama lokalnih samouprava sa dijasporom. Skup se odvija pod pokroviteljstvom patrijarha srpskog gospodina Porfirija u \u010dije se u\u010desnicima obratio episkop hvostanski g. Aleksej.<\/p>\n","protected":false},"excerpt":{"rendered":"<p>Pozivam na\u0161e sunarodnike iz dijsapore da znanja i ve\u0161tine koje su stekli \u0161irom sveta donesu sa sobom u svoju domovinu i da zajedno razvijemo na\u0161u &hellip; <\/p>\n","protected":false},"author":2,"featured_media":43194,"comment_status":"closed","ping_status":"open","sticky":false,"template":"","format":"standard","meta":{"footnotes":""},"categories":[2875,14,1524,2,12],"tags":[6530,2233],"_links":{"self":[{"href":"https:\/\/centralmedia.rs\/index.php\/wp-json\/wp\/v2\/posts\/43193"}],"collection":[{"href":"https:\/\/centralmedia.rs\/index.php\/wp-json\/wp\/v2\/posts"}],"about":[{"href":"https:\/\/centralmedia.rs\/index.php\/wp-json\/wp\/v2\/types\/post"}],"author":[{"embeddable":true,"href":"https:\/\/centralmedia.rs\/index.php\/wp-json\/wp\/v2\/users\/2"}],"replies":[{"embeddable":true,"href":"https:\/\/centralmedia.rs\/index.php\/wp-json\/wp\/v2\/comments?post=43193"}],"version-history":[{"count":1,"href":"https:\/\/centralmedia.rs\/index.php\/wp-json\/wp\/v2\/posts\/43193\/revisions"}],"predecessor-version":[{"id":43197,"href":"https:\/\/centralmedia.rs\/index.php\/wp-json\/wp\/v2\/posts\/43193\/revisions\/43197"}],"wp:featuredmedia":[{"embeddable":true,"href":"https:\/\/centralmedia.rs\/index.php\/wp-json\/wp\/v2\/media\/43194"}],"wp:attachment":[{"href":"https:\/\/centralmedia.rs\/index.php\/wp-json\/wp\/v2\/media?parent=43193"}],"wp:term":[{"taxonomy":"category","embeddable":true,"href":"https:\/\/centralmedia.rs\/index.php\/wp-json\/wp\/v2\/categories?post=43193"},{"taxonomy":"post_tag","embeddable":true,"href":"https:\/\/centralmedia.rs\/index.php\/wp-json\/wp\/v2\/tags?post=43193"}],"curies":[{"name":"wp","href":"https:\/\/api.w.org\/{rel}","templated":true}]}}