{"id":43198,"date":"2025-06-28T15:51:04","date_gmt":"2025-06-28T13:51:04","guid":{"rendered":"https:\/\/centralmedia.rs\/?p=43198"},"modified":"2025-06-28T15:51:04","modified_gmt":"2025-06-28T13:51:04","slug":"10-godina-prirodnjackog-centra-srbije","status":"publish","type":"post","link":"https:\/\/centralmedia.rs\/index.php\/2025\/06\/28\/10-godina-prirodnjackog-centra-srbije\/","title":{"rendered":"10. GODINA PRIRODNJA\u010cKOG CENTRA SRBIJE"},"content":{"rendered":"\n<p>Prirodnja\u010dki centar Srbije obele\u017eio je 10 godina od osnivanja. Ovaj nau\u010dno-zabavni&nbsp; centar posetilo gotovo milion u\u010denika. Od ponedeljka u tom Centru se realizuje Nau\u010dni kamp na kome \u0107e u\u010destvovati preko 200 dece iz cele Srbije. Direktorka Centra Sara Stevanovi\u0107 predstavila je tim koji predvodi do realizacije sjajnih ideja.<\/p>\n","protected":false},"excerpt":{"rendered":"<p>Prirodnja\u010dki centar Srbije obele\u017eio je 10 godina od osnivanja. Ovaj nau\u010dno-zabavni&nbsp; centar posetilo gotovo milion u\u010denika. Od ponedeljka u tom Centru se realizuje Nau\u010dni kamp &hellip; <\/p>\n","protected":false},"author":2,"featured_media":43199,"comment_status":"closed","ping_status":"open","sticky":false,"template":"","format":"standard","meta":{"footnotes":""},"categories":[14,1524,12,1517],"tags":[6605,38],"_links":{"self":[{"href":"https:\/\/centralmedia.rs\/index.php\/wp-json\/wp\/v2\/posts\/43198"}],"collection":[{"href":"https:\/\/centralmedia.rs\/index.php\/wp-json\/wp\/v2\/posts"}],"about":[{"href":"https:\/\/centralmedia.rs\/index.php\/wp-json\/wp\/v2\/types\/post"}],"author":[{"embeddable":true,"href":"https:\/\/centralmedia.rs\/index.php\/wp-json\/wp\/v2\/users\/2"}],"replies":[{"embeddable":true,"href":"https:\/\/centralmedia.rs\/index.php\/wp-json\/wp\/v2\/comments?post=43198"}],"version-history":[{"count":1,"href":"https:\/\/centralmedia.rs\/index.php\/wp-json\/wp\/v2\/posts\/43198\/revisions"}],"predecessor-version":[{"id":43200,"href":"https:\/\/centralmedia.rs\/index.php\/wp-json\/wp\/v2\/posts\/43198\/revisions\/43200"}],"wp:featuredmedia":[{"embeddable":true,"href":"https:\/\/centralmedia.rs\/index.php\/wp-json\/wp\/v2\/media\/43199"}],"wp:attachment":[{"href":"https:\/\/centralmedia.rs\/index.php\/wp-json\/wp\/v2\/media?parent=43198"}],"wp:term":[{"taxonomy":"category","embeddable":true,"href":"https:\/\/centralmedia.rs\/index.php\/wp-json\/wp\/v2\/categories?post=43198"},{"taxonomy":"post_tag","embeddable":true,"href":"https:\/\/centralmedia.rs\/index.php\/wp-json\/wp\/v2\/tags?post=43198"}],"curies":[{"name":"wp","href":"https:\/\/api.w.org\/{rel}","templated":true}]}}