{"id":43201,"date":"2025-06-28T16:01:12","date_gmt":"2025-06-28T14:01:12","guid":{"rendered":"https:\/\/centralmedia.rs\/?p=43201"},"modified":"2025-06-28T16:08:36","modified_gmt":"2025-06-28T14:08:36","slug":"dusan-markovic-direktor-zavicajnog-muzeja","status":"publish","type":"post","link":"https:\/\/centralmedia.rs\/index.php\/2025\/06\/28\/dusan-markovic-direktor-zavicajnog-muzeja\/","title":{"rendered":"DU\u0160AN MARKOVI\u0106 DIREKTOR ZAVI\u010cAJNOG MUZEJA"},"content":{"rendered":"\n<p>Na 10. sednici Skup\u0161tine grada Jagodina odbornici doneli su odluku o izboru Du\u0161ana Markovi\u0107a &nbsp;za direktora Zavi\u010dajnog muzeja na mandat od 4 godine. <\/p>\n\n\n\n<figure class=\"wp-block-image size-large\"><img loading=\"lazy\" decoding=\"async\" width=\"1024\" height=\"601\" src=\"https:\/\/centralmedia.rs\/wp-content\/uploads\/2025\/06\/odbornici-1-1024x601.png\" alt=\"\" class=\"wp-image-43207\" srcset=\"https:\/\/centralmedia.rs\/wp-content\/uploads\/2025\/06\/odbornici-1-1024x601.png 1024w, https:\/\/centralmedia.rs\/wp-content\/uploads\/2025\/06\/odbornici-1-300x176.png 300w, https:\/\/centralmedia.rs\/wp-content\/uploads\/2025\/06\/odbornici-1-768x451.png 768w, https:\/\/centralmedia.rs\/wp-content\/uploads\/2025\/06\/odbornici-1-1536x902.png 1536w, https:\/\/centralmedia.rs\/wp-content\/uploads\/2025\/06\/odbornici-1.png 1839w\" sizes=\"(max-width: 1024px) 100vw, 1024px\" \/><\/figure>\n\n\n\n<p>On je do sada bio vr\u0161ilac du\u017enosti direktora te ustanove. Odbornici su ju\u010de po hitnom postupku odlu\u010divali samo o toj &nbsp;ta\u010dki dnevog reda. &nbsp;<\/p>\n","protected":false},"excerpt":{"rendered":"<p>Na 10. sednici Skup\u0161tine grada Jagodina odbornici doneli su odluku o izboru Du\u0161ana Markovi\u0107a &nbsp;za direktora Zavi\u010dajnog muzeja na mandat od 4 godine. On je &hellip; <\/p>\n","protected":false},"author":2,"featured_media":43208,"comment_status":"closed","ping_status":"open","sticky":false,"template":"","format":"standard","meta":{"footnotes":""},"categories":[1524,2,1514,13,12],"tags":[7050,58,6579],"_links":{"self":[{"href":"https:\/\/centralmedia.rs\/index.php\/wp-json\/wp\/v2\/posts\/43201"}],"collection":[{"href":"https:\/\/centralmedia.rs\/index.php\/wp-json\/wp\/v2\/posts"}],"about":[{"href":"https:\/\/centralmedia.rs\/index.php\/wp-json\/wp\/v2\/types\/post"}],"author":[{"embeddable":true,"href":"https:\/\/centralmedia.rs\/index.php\/wp-json\/wp\/v2\/users\/2"}],"replies":[{"embeddable":true,"href":"https:\/\/centralmedia.rs\/index.php\/wp-json\/wp\/v2\/comments?post=43201"}],"version-history":[{"count":4,"href":"https:\/\/centralmedia.rs\/index.php\/wp-json\/wp\/v2\/posts\/43201\/revisions"}],"predecessor-version":[{"id":43209,"href":"https:\/\/centralmedia.rs\/index.php\/wp-json\/wp\/v2\/posts\/43201\/revisions\/43209"}],"wp:featuredmedia":[{"embeddable":true,"href":"https:\/\/centralmedia.rs\/index.php\/wp-json\/wp\/v2\/media\/43208"}],"wp:attachment":[{"href":"https:\/\/centralmedia.rs\/index.php\/wp-json\/wp\/v2\/media?parent=43201"}],"wp:term":[{"taxonomy":"category","embeddable":true,"href":"https:\/\/centralmedia.rs\/index.php\/wp-json\/wp\/v2\/categories?post=43201"},{"taxonomy":"post_tag","embeddable":true,"href":"https:\/\/centralmedia.rs\/index.php\/wp-json\/wp\/v2\/tags?post=43201"}],"curies":[{"name":"wp","href":"https:\/\/api.w.org\/{rel}","templated":true}]}}