{"id":43210,"date":"2025-06-30T10:17:04","date_gmt":"2025-06-30T08:17:04","guid":{"rendered":"https:\/\/centralmedia.rs\/?p=43210"},"modified":"2025-07-01T00:19:35","modified_gmt":"2025-06-30T22:19:35","slug":"zavrsena-blokada-upozorenja-u-bagrdanu","status":"publish","type":"post","link":"https:\/\/centralmedia.rs\/index.php\/2025\/06\/30\/zavrsena-blokada-upozorenja-u-bagrdanu\/","title":{"rendered":"ZAVR\u0160ENA BLOKADA UPOZORENJA U BAGRDANU"},"content":{"rendered":"\n<p>Me\u0161tani Bagrdana kod Jagodine zavr\u0161ili su danas tro\u010dasovnu blokadu upozorenja lokalnog puta, koji slu\u017ei kao alternativni jer je regionalni pravac Jagodina- Kragujevac zatvoren u martu zbog problema sa mostom.<\/p>\n\n\n\n<figure class=\"wp-block-gallery has-nested-images columns-default is-cropped wp-block-gallery-1 is-layout-flex wp-block-gallery-is-layout-flex\">\n<figure class=\"wp-block-image size-large\"><img loading=\"lazy\" decoding=\"async\" width=\"768\" height=\"1024\" data-id=\"43212\" src=\"https:\/\/centralmedia.rs\/wp-content\/uploads\/2025\/07\/bagrdan-768x1024.jpg\" alt=\"\" class=\"wp-image-43212\" srcset=\"https:\/\/centralmedia.rs\/wp-content\/uploads\/2025\/07\/bagrdan-768x1024.jpg 768w, https:\/\/centralmedia.rs\/wp-content\/uploads\/2025\/07\/bagrdan-225x300.jpg 225w, https:\/\/centralmedia.rs\/wp-content\/uploads\/2025\/07\/bagrdan-1152x1536.jpg 1152w, https:\/\/centralmedia.rs\/wp-content\/uploads\/2025\/07\/bagrdan.jpg 1440w\" sizes=\"(max-width: 768px) 100vw, 768px\" \/><\/figure>\n\n\n\n<figure class=\"wp-block-image size-large\"><img loading=\"lazy\" decoding=\"async\" width=\"768\" height=\"1024\" data-id=\"43213\" src=\"https:\/\/centralmedia.rs\/wp-content\/uploads\/2025\/07\/bagrdan1-768x1024.jpg\" alt=\"\" class=\"wp-image-43213\" srcset=\"https:\/\/centralmedia.rs\/wp-content\/uploads\/2025\/07\/bagrdan1-768x1024.jpg 768w, https:\/\/centralmedia.rs\/wp-content\/uploads\/2025\/07\/bagrdan1-225x300.jpg 225w, https:\/\/centralmedia.rs\/wp-content\/uploads\/2025\/07\/bagrdan1-1152x1536.jpg 1152w, https:\/\/centralmedia.rs\/wp-content\/uploads\/2025\/07\/bagrdan1.jpg 1440w\" sizes=\"(max-width: 768px) 100vw, 768px\" \/><\/figure>\n\n\n\n<figure class=\"wp-block-image size-large\"><img loading=\"lazy\" decoding=\"async\" width=\"768\" height=\"1024\" data-id=\"43214\" src=\"https:\/\/centralmedia.rs\/wp-content\/uploads\/2025\/07\/bagrdan2-768x1024.jpg\" alt=\"\" class=\"wp-image-43214\" srcset=\"https:\/\/centralmedia.rs\/wp-content\/uploads\/2025\/07\/bagrdan2-768x1024.jpg 768w, https:\/\/centralmedia.rs\/wp-content\/uploads\/2025\/07\/bagrdan2-225x300.jpg 225w, https:\/\/centralmedia.rs\/wp-content\/uploads\/2025\/07\/bagrdan2-1152x1536.jpg 1152w, https:\/\/centralmedia.rs\/wp-content\/uploads\/2025\/07\/bagrdan2.jpg 1440w\" sizes=\"(max-width: 768px) 100vw, 768px\" \/><\/figure>\n<\/figure>\n\n\n\n<p> Oni su organizovali blokadu na dva mesta u Bagrdanu sa zahtevom da hitno po\u010dne rekonstrukcija mosta i da se Vojska Sbije anga\u017euje da postavi pontonski most, kao i da se postavi saobra\u0107ajna signalizacija za zabranu kamionskog i kombi prevoza lokalnim putem jer je o\u0161te\u0107en. O\u010dekuju reakciju dr\u017eave i lokalne samouprave, u suprotnom najavlju stalnu blokadu puta.<\/p>\n","protected":false},"excerpt":{"rendered":"<p>Me\u0161tani Bagrdana kod Jagodine zavr\u0161ili su danas tro\u010dasovnu blokadu upozorenja lokalnog puta, koji slu\u017ei kao alternativni jer je regionalni pravac Jagodina- Kragujevac zatvoren u martu &hellip; <\/p>\n","protected":false},"author":2,"featured_media":43211,"comment_status":"closed","ping_status":"open","sticky":false,"template":"","format":"standard","meta":{"footnotes":""},"categories":[1524,20,1514,12],"tags":[3522,911],"_links":{"self":[{"href":"https:\/\/centralmedia.rs\/index.php\/wp-json\/wp\/v2\/posts\/43210"}],"collection":[{"href":"https:\/\/centralmedia.rs\/index.php\/wp-json\/wp\/v2\/posts"}],"about":[{"href":"https:\/\/centralmedia.rs\/index.php\/wp-json\/wp\/v2\/types\/post"}],"author":[{"embeddable":true,"href":"https:\/\/centralmedia.rs\/index.php\/wp-json\/wp\/v2\/users\/2"}],"replies":[{"embeddable":true,"href":"https:\/\/centralmedia.rs\/index.php\/wp-json\/wp\/v2\/comments?post=43210"}],"version-history":[{"count":1,"href":"https:\/\/centralmedia.rs\/index.php\/wp-json\/wp\/v2\/posts\/43210\/revisions"}],"predecessor-version":[{"id":43215,"href":"https:\/\/centralmedia.rs\/index.php\/wp-json\/wp\/v2\/posts\/43210\/revisions\/43215"}],"wp:featuredmedia":[{"embeddable":true,"href":"https:\/\/centralmedia.rs\/index.php\/wp-json\/wp\/v2\/media\/43211"}],"wp:attachment":[{"href":"https:\/\/centralmedia.rs\/index.php\/wp-json\/wp\/v2\/media?parent=43210"}],"wp:term":[{"taxonomy":"category","embeddable":true,"href":"https:\/\/centralmedia.rs\/index.php\/wp-json\/wp\/v2\/categories?post=43210"},{"taxonomy":"post_tag","embeddable":true,"href":"https:\/\/centralmedia.rs\/index.php\/wp-json\/wp\/v2\/tags?post=43210"}],"curies":[{"name":"wp","href":"https:\/\/api.w.org\/{rel}","templated":true}]}}